{"id":34869,"date":"2021-01-19T06:00:00","date_gmt":"2021-01-19T09:00:00","guid":{"rendered":"https:\/\/www.radioamigavallenar.cl\/?p=34869"},"modified":"2021-01-18T21:34:50","modified_gmt":"2021-01-19T00:34:50","slug":"fiscalia-y-carabineros-logran-detectar-banda-dedicada-al-trafico-de-drogas","status":"publish","type":"post","link":"https:\/\/www.radioamigavallenar.cl\/?p=34869","title":{"rendered":"Fiscal\u00eda y Carabineros logran detectar banda dedicada al tr\u00e1fico de drogas"},"content":{"rendered":"<div id=\"mvp-content-main\" class=\"left relative\">\n<p><strong>Diligencias investigativas permitieron la detenci\u00f3n de cuatro personas, dos mujeres y dos hombres, quienes se dedicaban al traslado de sustancias il\u00edcitas desde el norte del pa\u00eds. Todos quedaron bajo la medida cautelar de prisi\u00f3n preventiva.<\/strong><span id=\"more-234255\"><\/span><\/p>\n<p>En prisi\u00f3n preventiva quedaron cuatro personas, dos mujeres y dos hombres, a quienes la Fiscal\u00eda formaliz\u00f3 en Cha\u00f1aral por el delito de tr\u00e1fico il\u00edcito de droga. Esto luego de un procedimiento que concret\u00f3 personal del OS-7 de Carabineros y que permiti\u00f3 detectar un veh\u00edculo que viajaba al sur del pa\u00eds con droga en su interior.<\/p>\n<p>De acuerdo a los antecedentes e informaci\u00f3n con que contaba personal de OS-7 que daba cuenta del traslado de sustancias il\u00edcitas, se trabaj\u00f3 el caso a partir de la direcci\u00f3n del fiscal jefe de Cha\u00f1aral, Marco Arenas Zeballos, coordinando as\u00ed las diligencias para proceder con los respectivos controles carreteros.<\/p>\n<p>Fue as\u00ed como Carabineros instalaron un puesto de control a la altura del kil\u00f3metro 984 de la ruta 5 Norte, lugar en que procedieron a la fiscalizaci\u00f3n de un veh\u00edculo particular conducido por una mujer adulta de nacionalidad chilena. Ocasi\u00f3n en que gracias al apoyo de un perro detector se determin\u00f3 la presencia de droga. \u201cFue as\u00ed como se encontraron dos bolsos y una mochila en cuyo interior se trasladaban paquetes envueltos en cinta adhesiva e impregnados en caf\u00e9, determin\u00e1ndose que se trataba de droga a partir de las pruebas de campo realizadas en el lugar\u201d, indic\u00f3 el fiscal.<\/p>\n<p>De acuerdo a lo se\u00f1alado por el fiscal el trabajo investigativo de este caso no se detuvo ah\u00ed, ya que junto a personal del OS-7 se realizaron las coordinaciones respectivas para concurrir hasta la Regi\u00f3n Metropolitana, espec\u00edficamente a la comuna de Quinta Normal, donde la droga ser\u00eda recepcionada por tres personas de nacionalidad colombiana, quienes lograron ser detenidos por Carabineros y trasladados a Cha\u00f1aral para la audiencia de formalizaci\u00f3n.<\/p>\n<p>En dicha audiencia el fiscal Marco Arenas present\u00f3 cargos por el delito de tr\u00e1fico il\u00edcito de droga, obteniendo la cautelar de prisi\u00f3n preventiva por ser considerados un peligro para la seguridad de la sociedad.<\/p>\n<p>Respecto a la droga incautada, luego de los peritajes llevados a cabo por personal de OS-7, se estableci\u00f3 que hab\u00eda 64 kilos 498 gramos de droga, entre pasta base de coca\u00edna, clorhidrato de coca\u00edna y marihuana.<\/p>\n<p>Respecto de esta diligencia el jefe de zona (s) de Carabineros, coronel C\u00e9sar Olivares, indic\u00f3 que este importante cargamento de droga fue posible detectar gracias a la acci\u00f3n desplegada por personal del OS-7 y el apoyo del perro \u201cDarwin\u201d. \u201cLa droga iba en direcci\u00f3n a Santiago y fue controlada en el ingreso norte de Cha\u00f1aral, la que era mantenida en la parte trasera del veh\u00edculo en bolsos. Siendo su conductora detenida para luego concretar las diligencias destinadas a la detenci\u00f3n del resto de los integrantes de esta agrupaci\u00f3n criminal en Santiago\u201d, dijo.<\/p>\n<p>Por su parte, el intendente de Atacama, Patricio Urquieta, valor\u00f3 el trabajo de la Fiscal\u00eda y del personal del OS-7, cuya acci\u00f3n permiti\u00f3, una vez m\u00e1s, que esta importante cantidad de droga saliera de la calle y no llegara a las familias del pa\u00eds que tanto da\u00f1o sufren producto del consumo de estas sustancias il\u00edcitas.<\/p>\n<\/div>\n<div id=\"mvp-content-bot\" class=\"left\">\n<div class=\"mvp-post-tags\"><\/div>\n<\/div>\n","protected":false},"excerpt":{"rendered":"<p>Diligencias investigativas permitieron la detenci\u00f3n de cuatro personas, dos mujeres y dos hombres, quienes se dedicaban al traslado de sustancias il\u00edcitas desde el norte del&hellip; <\/p>\n","protected":false},"author":2,"featured_media":0,"comment_status":"open","ping_status":"closed","sticky":false,"template":"","format":"standard","meta":{"footnotes":""},"categories":[7],"tags":[],"class_list":["post-34869","post","type-post","status-publish","format-standard","hentry","category-atacama"],"_links":{"self":[{"href":"https:\/\/www.radioamigavallenar.cl\/index.php?rest_route=\/wp\/v2\/posts\/34869","targetHints":{"allow":["GET"]}}],"collection":[{"href":"https:\/\/www.radioamigavallenar.cl\/index.php?rest_route=\/wp\/v2\/posts"}],"about":[{"href":"https:\/\/www.radioamigavallenar.cl\/index.php?rest_route=\/wp\/v2\/types\/post"}],"author":[{"embeddable":true,"href":"https:\/\/www.radioamigavallenar.cl\/index.php?rest_route=\/wp\/v2\/users\/2"}],"replies":[{"embeddable":true,"href":"https:\/\/www.radioamigavallenar.cl\/index.php?rest_route=%2Fwp%2Fv2%2Fcomments&post=34869"}],"version-history":[{"count":1,"href":"https:\/\/www.radioamigavallenar.cl\/index.php?rest_route=\/wp\/v2\/posts\/34869\/revisions"}],"predecessor-version":[{"id":34871,"href":"https:\/\/www.radioamigavallenar.cl\/index.php?rest_route=\/wp\/v2\/posts\/34869\/revisions\/34871"}],"wp:attachment":[{"href":"https:\/\/www.radioamigavallenar.cl\/index.php?rest_route=%2Fwp%2Fv2%2Fmedia&parent=34869"}],"wp:term":[{"taxonomy":"category","embeddable":true,"href":"https:\/\/www.radioamigavallenar.cl\/index.php?rest_route=%2Fwp%2Fv2%2Fcategories&post=34869"},{"taxonomy":"post_tag","embeddable":true,"href":"https:\/\/www.radioamigavallenar.cl\/index.php?rest_route=%2Fwp%2Fv2%2Ftags&post=34869"}],"curies":[{"name":"wp","href":"https:\/\/api.w.org\/{rel}","templated":true}]}}