{"id":34866,"date":"2021-01-19T06:00:41","date_gmt":"2021-01-19T09:00:41","guid":{"rendered":"https:\/\/www.radioamigavallenar.cl\/?p=34866"},"modified":"2021-01-18T21:33:20","modified_gmt":"2021-01-19T00:33:20","slug":"pdi-detuvo-a-sujeto-por-amenazas-flagrante-con-arma-blanc","status":"publish","type":"post","link":"https:\/\/www.radioamigavallenar.cl\/?p=34866","title":{"rendered":"PDI detuvo a sujeto por amenazas flagrante con arma blanc"},"content":{"rendered":"<p>Detectives Brigada de Investigaci\u00f3n Criminal (BICRIM) de la PDI de Copiap\u00f3, detuvieron a un sujeto, de nacionalidad chilena y mayor de edad, por el delito de Amenazas Contra Personas y Propiedades flagrante<\/p>\n<p>Hasta el cuartel policial de la PDI de Copiap\u00f3, concurri\u00f3 una persona de sexo masculino quien indic\u00f3 ser v\u00edctima de amenazas de muerte por parte de un sujeto que deambula por las inmediaciones de los terminales de buses y con el cual mantiene rencillas anteriores. El denunciante indicaba, adem\u00e1s, que el imputado portaba un arma cortante adosada, con cinta adhesiva, a un fierro de m\u00e1s de un metro de largo, adjuntando una fotograf\u00eda a la denuncia.<\/p>\n<p>Por lo anterior, los oficiales policiales concurrieron hasta el sector c\u00e9ntrico de la ciudad, espec\u00edficamente hasta el terminal de buses con destino a Caldera. En el lugar encontraron al imputado a quien se le explicaron los hechos investigados, siendo fiscalizado y detenido por el delito de Amenazas. Se le dieron a conocer sus derechos y fue trasladado hasta el cuartel policial de la PDI.<\/p>\n<p>Diligencias posteriores realizadas por los detectives, permitieron encontrar el arma denunciada, la que se encontraba oculta sobre el techo posterior de una de las oficinas de venta de pasajes.<\/p>\n<p>Los antecedentes y resultados de este procedimiento fueron informados al fiscal de turno de Copiap\u00f3, quien instruy\u00f3 que el detenido fuera puesto a disposici\u00f3n del Juzgado de Garant\u00eda de Copiap\u00f3 para el control de detenci\u00f3n correspondiente.<\/p>\n","protected":false},"excerpt":{"rendered":"<p>Detectives Brigada de Investigaci\u00f3n Criminal (BICRIM) de la PDI de Copiap\u00f3, detuvieron a un sujeto, de nacionalidad chilena y mayor de edad, por el delito&hellip; <\/p>\n","protected":false},"author":2,"featured_media":0,"comment_status":"open","ping_status":"closed","sticky":false,"template":"","format":"standard","meta":{"footnotes":""},"categories":[7],"tags":[],"class_list":["post-34866","post","type-post","status-publish","format-standard","hentry","category-atacama"],"_links":{"self":[{"href":"https:\/\/www.radioamigavallenar.cl\/index.php?rest_route=\/wp\/v2\/posts\/34866","targetHints":{"allow":["GET"]}}],"collection":[{"href":"https:\/\/www.radioamigavallenar.cl\/index.php?rest_route=\/wp\/v2\/posts"}],"about":[{"href":"https:\/\/www.radioamigavallenar.cl\/index.php?rest_route=\/wp\/v2\/types\/post"}],"author":[{"embeddable":true,"href":"https:\/\/www.radioamigavallenar.cl\/index.php?rest_route=\/wp\/v2\/users\/2"}],"replies":[{"embeddable":true,"href":"https:\/\/www.radioamigavallenar.cl\/index.php?rest_route=%2Fwp%2Fv2%2Fcomments&post=34866"}],"version-history":[{"count":1,"href":"https:\/\/www.radioamigavallenar.cl\/index.php?rest_route=\/wp\/v2\/posts\/34866\/revisions"}],"predecessor-version":[{"id":34868,"href":"https:\/\/www.radioamigavallenar.cl\/index.php?rest_route=\/wp\/v2\/posts\/34866\/revisions\/34868"}],"wp:attachment":[{"href":"https:\/\/www.radioamigavallenar.cl\/index.php?rest_route=%2Fwp%2Fv2%2Fmedia&parent=34866"}],"wp:term":[{"taxonomy":"category","embeddable":true,"href":"https:\/\/www.radioamigavallenar.cl\/index.php?rest_route=%2Fwp%2Fv2%2Fcategories&post=34866"},{"taxonomy":"post_tag","embeddable":true,"href":"https:\/\/www.radioamigavallenar.cl\/index.php?rest_route=%2Fwp%2Fv2%2Ftags&post=34866"}],"curies":[{"name":"wp","href":"https:\/\/api.w.org\/{rel}","templated":true}]}}