{"id":34861,"date":"2021-01-18T12:36:40","date_gmt":"2021-01-18T15:36:40","guid":{"rendered":"https:\/\/www.radioamigavallenar.cl\/?p=34861"},"modified":"2021-01-18T12:36:40","modified_gmt":"2021-01-18T15:36:40","slug":"equipos-directivos-del-slep-huasco-participan-en-taller-analitico-de-la-estrategia-nacional-de-educacion-publica","status":"publish","type":"post","link":"https:\/\/www.radioamigavallenar.cl\/?p=34861","title":{"rendered":"Equipos directivos del SLEP Huasco participan en taller anal\u00edtico de la Estrategia Nacional de Educaci\u00f3n P\u00fablica"},"content":{"rendered":"<p>Equipos directivos y profesores encargados de los diferentes establecimientos educacionales pertenecientes al Servicio Local de Educaci\u00f3n P\u00fablica \u2013SLEP- Huasco, fueron parte de un importante taller que les permiti\u00f3 analizar objetivo por objetivo, la Estrategia Nacional de Educaci\u00f3n P\u00fablica \u2013ENEP-, contemplada en la Ley 21.040. La ENEP busca mejorar la calidad de la educaci\u00f3n, poniendo el foco en el pleno desarrollo de los establecimientos educacionales dependientes de los Servicios<br \/>\nLocales de Educaci\u00f3n P\u00fablica.<\/p>\n<p>Es as\u00ed como a trav\u00e9s de un acuerdo N\u00ba 81\/2020, aprobado por resoluci\u00f3n exenta N\u00ba 153 de 2020 del Consejo Nacional de Educaci\u00f3n, se aprob\u00f3 la ENEP con una vigencia de 8 a\u00f1os.<br \/>\n\u201cSe debe destacar que la Estrategia Nacional de Educaci\u00f3n P\u00fablica, busca aunar criterios bajo cinco elementos fundamentales; el aprendizaje, la calidad, la equidad, la participaci\u00f3n y la inclusi\u00f3n\u201d, mencion\u00f3 Renato Canales L\u00f3pez, subdirector del \u00c1rea T\u00e9cnica del SLEP Huasco.<\/p>\n<p>Agregando que, \u201crealizamos estos talleres para analizar la ENEP, mirar sus objetivos estrat\u00e9gicos, sus l\u00edneas de acci\u00f3n, pero concretamente entrar en las iniciativas ligadas directamente con nuestros establecimientos para<br \/>\npoder vincularlas dentro del Plan de Mejoramiento Educativo de nuestras comunidades educativas\u201d.<\/p>\n<p>Mejorar niveles de aprendizaje de todos los estudiantes a trav\u00e9s de una gesti\u00f3n pedag\u00f3gica de calidad; fortalecer las capacidades humanas y t\u00e9cnicas de los actores claves del sistema a trav\u00e9s de la mejora de sus pr\u00e1cticas; desarrollar una eficaz gesti\u00f3n del liderazgo en los diferentes niveles, procurando ofrecer el mejor servicio como sostenedores; mejorar las condiciones f\u00edsicas, de higiene,<br \/>\nequipamiento y los recursos educativos y asegurar sostenibilidad financiera seg\u00fan los recursos disponibles, son los objetivos analizados en este taller de an\u00e1lisis de la ENEP.<\/p>\n","protected":false},"excerpt":{"rendered":"<p>Equipos directivos y profesores encargados de los diferentes establecimientos educacionales pertenecientes al Servicio Local de Educaci\u00f3n P\u00fablica \u2013SLEP- Huasco, fueron parte de un importante taller&hellip; <\/p>\n","protected":false},"author":2,"featured_media":29732,"comment_status":"open","ping_status":"closed","sticky":false,"template":"","format":"standard","meta":{"footnotes":""},"categories":[38],"tags":[],"class_list":["post-34861","post","type-post","status-publish","format-standard","has-post-thumbnail","hentry","category-portada-regional"],"_links":{"self":[{"href":"https:\/\/www.radioamigavallenar.cl\/index.php?rest_route=\/wp\/v2\/posts\/34861","targetHints":{"allow":["GET"]}}],"collection":[{"href":"https:\/\/www.radioamigavallenar.cl\/index.php?rest_route=\/wp\/v2\/posts"}],"about":[{"href":"https:\/\/www.radioamigavallenar.cl\/index.php?rest_route=\/wp\/v2\/types\/post"}],"author":[{"embeddable":true,"href":"https:\/\/www.radioamigavallenar.cl\/index.php?rest_route=\/wp\/v2\/users\/2"}],"replies":[{"embeddable":true,"href":"https:\/\/www.radioamigavallenar.cl\/index.php?rest_route=%2Fwp%2Fv2%2Fcomments&post=34861"}],"version-history":[{"count":1,"href":"https:\/\/www.radioamigavallenar.cl\/index.php?rest_route=\/wp\/v2\/posts\/34861\/revisions"}],"predecessor-version":[{"id":34862,"href":"https:\/\/www.radioamigavallenar.cl\/index.php?rest_route=\/wp\/v2\/posts\/34861\/revisions\/34862"}],"wp:featuredmedia":[{"embeddable":true,"href":"https:\/\/www.radioamigavallenar.cl\/index.php?rest_route=\/wp\/v2\/media\/29732"}],"wp:attachment":[{"href":"https:\/\/www.radioamigavallenar.cl\/index.php?rest_route=%2Fwp%2Fv2%2Fmedia&parent=34861"}],"wp:term":[{"taxonomy":"category","embeddable":true,"href":"https:\/\/www.radioamigavallenar.cl\/index.php?rest_route=%2Fwp%2Fv2%2Fcategories&post=34861"},{"taxonomy":"post_tag","embeddable":true,"href":"https:\/\/www.radioamigavallenar.cl\/index.php?rest_route=%2Fwp%2Fv2%2Ftags&post=34861"}],"curies":[{"name":"wp","href":"https:\/\/api.w.org\/{rel}","templated":true}]}}