{"id":34858,"date":"2021-01-18T12:25:59","date_gmt":"2021-01-18T15:25:59","guid":{"rendered":"https:\/\/www.radioamigavallenar.cl\/?p=34858"},"modified":"2021-01-18T12:25:59","modified_gmt":"2021-01-18T15:25:59","slug":"instalaran-soporte-digital-con-difusion-turistica-y-medidas-de-prevencion-sanitaria-en-la-provincia-del-huasco","status":"publish","type":"post","link":"https:\/\/www.radioamigavallenar.cl\/?p=34858","title":{"rendered":"Instalaran soporte digital con difusi\u00f3n tur\u00edstica y medidas de prevenci\u00f3n sanitaria en la provincia del Huasco"},"content":{"rendered":"<p><strong>Iniciativa impulsada por el Gobierno a trav\u00e9s de Sernatur, se instalar\u00e1 en Gobernaci\u00f3n y Municipios.<\/strong><\/p>\n<p>Con la firma de un comodato entre el Servicio Nacional de Turismo en Atacama, a trav\u00e9s de su Director Alejandro Mart\u00edn Caro, y la Gobernaci\u00f3n Provincial del Huasco, a trav\u00e9s de la Gobernadora Nelly Galeb Bou, se concret\u00f3\u00a0 esta semana, la entrega de un \u00abtotem digital\u00bb que permitir\u00e1 acceder a informaci\u00f3n tur\u00edstica por medio de c\u00f3digos QR, como as\u00ed tambi\u00e9n la toma de temperatura y disposici\u00f3n de alcohol gel para los turistas que usen el dispositivo.<\/p>\n<p>La iniciativa tiene, destac\u00f3 Nelly Galeb, \u201cTiene como como prop\u00f3sito acercar la informaci\u00f3n tur\u00edstica a la poblaci\u00f3n, particularmente durante la temporada estival y al mismo tiempo fortalecer el mensaje referido al respeto y al autocuidado en la implementaci\u00f3n de los protocolos sanitarios \u00a0para hacer frente a la actual pandemia que nos afecta\u201d.<\/p>\n<p>Actividad similar se llev\u00f3 a cabo tambi\u00e9n con el municipio de Freirina, lo que se replicara en cada uno de los municipios de la provincia.<\/p>\n<p>Alejandro Martin, director regional de Sernatur Atacama, agradeci\u00f3 la disposici\u00f3n de los municipios y el valioso apoyo de parte de la Gobernaci\u00f3n del Huasco en sumarse en esta iniciativa que ha de permitir\u00a0 contribuir en la promoci\u00f3n y difusi\u00f3n del autocuidado y la responsabilidad de todos\u00a0 en el marco de la puesta en marcha y cumplimiento de las medidas sanitarias en la regi\u00f3n y de paso fortalecer el trabajo de difusi\u00f3n y promoci\u00f3n de los atractivos tur\u00edsticos que posee la regi\u00f3n y en este caso en particular de las bondades y principales atracciones que posee el valle del Huasco.<\/p>\n<p>La iniciativa incorpora la informaci\u00f3n tur\u00edstica a trav\u00e9s de c\u00f3digos QR, que \u00a0permiten hoy d\u00eda tener videos, folleter\u00edas, mapas, informaci\u00f3n de seguridad sanitaria, de autocuidado, la idea es tener un lugar donde poder descargar este material de informaci\u00f3n tur\u00edstica de la regi\u00f3n, de manera digital y segura.<\/p>\n","protected":false},"excerpt":{"rendered":"<p>Iniciativa impulsada por el Gobierno a trav\u00e9s de Sernatur, se instalar\u00e1 en Gobernaci\u00f3n y Municipios. Con la firma de un comodato entre el Servicio Nacional&hellip; <\/p>\n","protected":false},"author":2,"featured_media":0,"comment_status":"open","ping_status":"closed","sticky":false,"template":"","format":"standard","meta":{"footnotes":""},"categories":[38],"tags":[],"class_list":["post-34858","post","type-post","status-publish","format-standard","hentry","category-portada-regional"],"_links":{"self":[{"href":"https:\/\/www.radioamigavallenar.cl\/index.php?rest_route=\/wp\/v2\/posts\/34858","targetHints":{"allow":["GET"]}}],"collection":[{"href":"https:\/\/www.radioamigavallenar.cl\/index.php?rest_route=\/wp\/v2\/posts"}],"about":[{"href":"https:\/\/www.radioamigavallenar.cl\/index.php?rest_route=\/wp\/v2\/types\/post"}],"author":[{"embeddable":true,"href":"https:\/\/www.radioamigavallenar.cl\/index.php?rest_route=\/wp\/v2\/users\/2"}],"replies":[{"embeddable":true,"href":"https:\/\/www.radioamigavallenar.cl\/index.php?rest_route=%2Fwp%2Fv2%2Fcomments&post=34858"}],"version-history":[{"count":1,"href":"https:\/\/www.radioamigavallenar.cl\/index.php?rest_route=\/wp\/v2\/posts\/34858\/revisions"}],"predecessor-version":[{"id":34860,"href":"https:\/\/www.radioamigavallenar.cl\/index.php?rest_route=\/wp\/v2\/posts\/34858\/revisions\/34860"}],"wp:attachment":[{"href":"https:\/\/www.radioamigavallenar.cl\/index.php?rest_route=%2Fwp%2Fv2%2Fmedia&parent=34858"}],"wp:term":[{"taxonomy":"category","embeddable":true,"href":"https:\/\/www.radioamigavallenar.cl\/index.php?rest_route=%2Fwp%2Fv2%2Fcategories&post=34858"},{"taxonomy":"post_tag","embeddable":true,"href":"https:\/\/www.radioamigavallenar.cl\/index.php?rest_route=%2Fwp%2Fv2%2Ftags&post=34858"}],"curies":[{"name":"wp","href":"https:\/\/api.w.org\/{rel}","templated":true}]}}