{"id":34853,"date":"2021-01-18T12:18:48","date_gmt":"2021-01-18T15:18:48","guid":{"rendered":"https:\/\/www.radioamigavallenar.cl\/?p=34853"},"modified":"2021-01-18T12:18:48","modified_gmt":"2021-01-18T15:18:48","slug":"transelec-lanza-inedito-servicio-que-traza-y-certifica-el-origen-renovable-de-la-energia","status":"publish","type":"post","link":"https:\/\/www.radioamigavallenar.cl\/?p=34853","title":{"rendered":"Transelec lanza in\u00e9dito servicio que traza y certifica el origen renovable de la energ\u00eda"},"content":{"rendered":"<p><strong>En medio del proceso de descarbonizaci\u00f3n, esta innovadora plataforma digital permitir\u00e1 visibilizar a aquellas empresas que est\u00e1n utilizando energ\u00edas limpias en sus productos y servicios.<\/strong><\/p>\n<p>Con la participaci\u00f3n del biministro de Miner\u00eda y Energ\u00eda, Juan Carlos Jobet, y el gerente general de Transelec, Andr\u00e9s Kuhlmann, la principal transmisora el\u00e9ctrica del pa\u00eds lanz\u00f3 Pulse, una plataforma que permite trazar y certificar el origen renovable de la energ\u00eda que las organizaciones y empresas usan a lo largo de la cadena de valor de sus procesos, productos y servicios.<\/p>\n<p>A trav\u00e9s de una plataforma que funciona con tecnolog\u00eda blockchain, Pulse sigue la ruta de la energ\u00eda desde su origen para identificar si es renovable y certificarla como tal, lo que permite a las empresas contar con una herramienta para dar cuenta de su compromiso medioambiental en sus procesos productivos y de comercializaci\u00f3n, en todo tipo de industria.<\/p>\n<p>El biministro Jobet envi\u00f3 un mensaje para celebrar la iniciativa donde adem\u00e1s detall\u00f3 que \u201cChile est\u00e1 en un proceso de descarbonizaci\u00f3n muy acelerado para retirar las centrales a carb\u00f3n de nuestra matriz que en el sector el\u00e9ctrico generan un 25% de las emisiones de gases de efecto invernadero y esperamos haber retirado m\u00e1s del 30% de la generaci\u00f3n a carb\u00f3n a 2024\u201d. En ese proceso de transformaci\u00f3n de la matriz el\u00e9ctrica, la autoridad destac\u00f3 que \u201cla transmisi\u00f3n juega un rol esencial\u201d.<\/p>\n","protected":false},"excerpt":{"rendered":"<p>En medio del proceso de descarbonizaci\u00f3n, esta innovadora plataforma digital permitir\u00e1 visibilizar a aquellas empresas que est\u00e1n utilizando energ\u00edas limpias en sus productos y servicios.&hellip; <\/p>\n","protected":false},"author":2,"featured_media":0,"comment_status":"open","ping_status":"closed","sticky":false,"template":"","format":"standard","meta":{"footnotes":""},"categories":[38],"tags":[],"class_list":["post-34853","post","type-post","status-publish","format-standard","hentry","category-portada-regional"],"_links":{"self":[{"href":"https:\/\/www.radioamigavallenar.cl\/index.php?rest_route=\/wp\/v2\/posts\/34853","targetHints":{"allow":["GET"]}}],"collection":[{"href":"https:\/\/www.radioamigavallenar.cl\/index.php?rest_route=\/wp\/v2\/posts"}],"about":[{"href":"https:\/\/www.radioamigavallenar.cl\/index.php?rest_route=\/wp\/v2\/types\/post"}],"author":[{"embeddable":true,"href":"https:\/\/www.radioamigavallenar.cl\/index.php?rest_route=\/wp\/v2\/users\/2"}],"replies":[{"embeddable":true,"href":"https:\/\/www.radioamigavallenar.cl\/index.php?rest_route=%2Fwp%2Fv2%2Fcomments&post=34853"}],"version-history":[{"count":1,"href":"https:\/\/www.radioamigavallenar.cl\/index.php?rest_route=\/wp\/v2\/posts\/34853\/revisions"}],"predecessor-version":[{"id":34855,"href":"https:\/\/www.radioamigavallenar.cl\/index.php?rest_route=\/wp\/v2\/posts\/34853\/revisions\/34855"}],"wp:attachment":[{"href":"https:\/\/www.radioamigavallenar.cl\/index.php?rest_route=%2Fwp%2Fv2%2Fmedia&parent=34853"}],"wp:term":[{"taxonomy":"category","embeddable":true,"href":"https:\/\/www.radioamigavallenar.cl\/index.php?rest_route=%2Fwp%2Fv2%2Fcategories&post=34853"},{"taxonomy":"post_tag","embeddable":true,"href":"https:\/\/www.radioamigavallenar.cl\/index.php?rest_route=%2Fwp%2Fv2%2Ftags&post=34853"}],"curies":[{"name":"wp","href":"https:\/\/api.w.org\/{rel}","templated":true}]}}