{"id":34850,"date":"2021-01-18T12:16:03","date_gmt":"2021-01-18T15:16:03","guid":{"rendered":"https:\/\/www.radioamigavallenar.cl\/?p=34850"},"modified":"2021-01-18T12:16:03","modified_gmt":"2021-01-18T15:16:03","slug":"ministro-paris-a-nivel-nacional-y-en-la-region-metropolitana-las-cifras-son-bastante-alentadoras","status":"publish","type":"post","link":"https:\/\/www.radioamigavallenar.cl\/?p=34850","title":{"rendered":"Ministro Paris: \u00abA nivel nacional y en la Regi\u00f3n Metropolitana las cifras son bastante alentadoras\u00bb"},"content":{"rendered":"<p>Sin entrar en detalles, el ministro de Salud, Enrique Paris, asegur\u00f3 que la Regi\u00f3n Metropolitana y a nivel nacional se han evidenciado \u00abcifras alentadoras\u00bb de la pandemia, frase que surge en medio de las especulaciones por presuntos retrocesos en el plan \u00abPaso a paso\u00bb.<\/p>\n<p>El secretario de Estado, de visita en La Serena, donde supervis\u00f3 el inicio de la vacunaci\u00f3n a adultos mayores, fue consultado por la evoluci\u00f3n de los indicadores del SARS-CoV-2 en el pa\u00eds y si eso impactar\u00eda en las medidas sanitarias a adoptar en este per\u00edodo estival.<\/p>\n<p>Al respecto, manifest\u00f3: \u00abEstaba mirando el reloj, porque la conferencia de prensa de hoy (el balance), donde se van a dar a conocer esas noticias, va a salir cerca de las 13:00 horas, pero yo no puedo dar la respuesta ahora\u00bb.<\/p>\n<p>\u00abPero en realidad, afortunadamente, nosotros revisamos temprano en la ma\u00f1ana con el Presidente el tema, y afortunadamente a nivel nacional y a nivel tambi\u00e9n de la Regi\u00f3n Metropolitana las cifras son bastante alentadoras\u00bb, manifest\u00f3.<\/p>\n<p>El secretario de Estado record\u00f3 que \u00abpara que las comunas cambien de fase no solo se consideran el aumento de pacientes, cuenta el PCR, la positividad, que en este momento a nivel metropolitano es del 4% y a nivel nacional es del 7%\u00bb. \u00abSin embargo, cuando estuvimos en el m\u00e1ximo de la pandemia, junio julio, la positividad era del 40% y nosotros hac\u00edamos 20 mil ex\u00e1menes diarios y ahora hemos llegado a hacer 60 mil ex\u00e1menes diarios\u00bb, afirm\u00f3.<\/p>\n<p>Paris subray\u00f3 que este \u00abno es un consuelo, pero son se\u00f1ales que tenemos que tomar en cuenta. Tambi\u00e9n hay que tomar en cuenta la ocupaci\u00f3n de camas de los hospitales correspondientes. pero haciendo un an\u00e1lisis de todos esos temas obviamente de ser necesario habr\u00e1 un cambio\u00bb.<\/p>\n","protected":false},"excerpt":{"rendered":"<p>Sin entrar en detalles, el ministro de Salud, Enrique Paris, asegur\u00f3 que la Regi\u00f3n Metropolitana y a nivel nacional se han evidenciado \u00abcifras alentadoras\u00bb de&hellip; <\/p>\n","protected":false},"author":2,"featured_media":0,"comment_status":"open","ping_status":"closed","sticky":false,"template":"","format":"standard","meta":{"footnotes":""},"categories":[37],"tags":[],"class_list":["post-34850","post","type-post","status-publish","format-standard","hentry","category-nacional"],"_links":{"self":[{"href":"https:\/\/www.radioamigavallenar.cl\/index.php?rest_route=\/wp\/v2\/posts\/34850","targetHints":{"allow":["GET"]}}],"collection":[{"href":"https:\/\/www.radioamigavallenar.cl\/index.php?rest_route=\/wp\/v2\/posts"}],"about":[{"href":"https:\/\/www.radioamigavallenar.cl\/index.php?rest_route=\/wp\/v2\/types\/post"}],"author":[{"embeddable":true,"href":"https:\/\/www.radioamigavallenar.cl\/index.php?rest_route=\/wp\/v2\/users\/2"}],"replies":[{"embeddable":true,"href":"https:\/\/www.radioamigavallenar.cl\/index.php?rest_route=%2Fwp%2Fv2%2Fcomments&post=34850"}],"version-history":[{"count":1,"href":"https:\/\/www.radioamigavallenar.cl\/index.php?rest_route=\/wp\/v2\/posts\/34850\/revisions"}],"predecessor-version":[{"id":34852,"href":"https:\/\/www.radioamigavallenar.cl\/index.php?rest_route=\/wp\/v2\/posts\/34850\/revisions\/34852"}],"wp:attachment":[{"href":"https:\/\/www.radioamigavallenar.cl\/index.php?rest_route=%2Fwp%2Fv2%2Fmedia&parent=34850"}],"wp:term":[{"taxonomy":"category","embeddable":true,"href":"https:\/\/www.radioamigavallenar.cl\/index.php?rest_route=%2Fwp%2Fv2%2Fcategories&post=34850"},{"taxonomy":"post_tag","embeddable":true,"href":"https:\/\/www.radioamigavallenar.cl\/index.php?rest_route=%2Fwp%2Fv2%2Ftags&post=34850"}],"curies":[{"name":"wp","href":"https:\/\/api.w.org\/{rel}","templated":true}]}}