{"id":34848,"date":"2021-01-18T12:13:20","date_gmt":"2021-01-18T15:13:20","guid":{"rendered":"https:\/\/www.radioamigavallenar.cl\/?p=34848"},"modified":"2021-01-18T12:13:20","modified_gmt":"2021-01-18T15:13:20","slug":"funcionario-del-sence-gana-recurso-de-proteccion-ante-la-corte-de-apelaciones-en-contra-de-su-jefatura-por-cambiarlo-de-cargo-por-correo-electronico","status":"publish","type":"post","link":"https:\/\/www.radioamigavallenar.cl\/?p=34848","title":{"rendered":"Funcionario del SENCE gana recurso de protecci\u00f3n ante la corte de apelaciones  en contra de su jefatura por cambiarlo de cargo por correo electr\u00f3nico."},"content":{"rendered":"<p>La Corte de Apelaciones de Copiap\u00f3, marco un importante precedente al acoger un recurso de protecci\u00f3n interpuesto por Oliver Varela Madariaga funcionario del SENCE\u00a0 en contra de su Jefatura del mismo servicio p\u00fablico\u00a0 por haberlo cambiado en forma ilegal y arbitraria de su cargo por medio de un correo electr\u00f3nico, sin ning\u00fan tipo de fundamento.<\/p>\n<p>Al respecto la Corte de Apelaciones de Copiap\u00f3, en el recurso de protecci\u00f3n Rol N\u00b0 411-2020, se\u00f1alo que \u00bb .. la motivaci\u00f3n de un acto de autoridad que ata\u00f1e a una persona, sea o no funcionario del Estado, es un derecho del afectado, pues le permite comprender las razones del acto y su impugnaci\u00f3n si fuere procedente, y careciendo en absoluto de motivaci\u00f3n el acto por el cual se tom\u00f3 la decisi\u00f3n de cesar al recurrente en su cargo de Encargado de la Unidad de Capacitaci\u00f3n a Personas, de la Direcci\u00f3n Regional del de Atacama del SENCE, esto es, el correo electr\u00f3nico transcrito en el considerando quinto precedente, resulta ser este un acto arbitrario e ilegal, que ha trasgredido el derecho del recurrente a la igualdad ante la ley, puesto que se le ha discriminado y tratado en forma desigual, situaci\u00f3n que impide el ejercicio del derecho que asegura a todas las personas la Constituci\u00f3n Pol\u00edtica de la Rep\u00fablica, en el art\u00edculo 19 N\u00b0 2.\u00bb<\/p>\n<p>Al respecto y consultado al abogado Luis Gonz\u00e1lez Codocedo, se\u00f1alo que \u00abLa decisi\u00f3n de la Corte de Apelaciones de Copiap\u00f3 marca un importante precedente, porque es habitual que las autoridades o jefes de servicios en posesi\u00f3n del cargo cambien o hagan destinaciones de los trabajadores p\u00fablicos de palabra o por correos electr\u00f3nico y sin se\u00f1alar los motivos\u00bb, agrego adem\u00e1s el abogado\u00a0 que \u00a0\u00abde confirmarse por la Excelent\u00edsima Corte Suprema este fallo marcara un antes y un despu\u00e9s en la relaci\u00f3n que debe haber entre los funcionarios p\u00fablicos y los jefaturas de los servicio p\u00fablicos\u00bb.<\/p>\n<p>Por su parte los distintos dirigentes gremiales del sector p\u00fablico, que no quisieron ser identificados, est\u00e1n expectantes de lo que pueda resolver la Corte Suprema en esta caso, porque marcar\u00eda un precedente a nivel nacional, y no se estar\u00eda a la mera voluntad de quien llega al cargo de jefatura en los servicios p\u00fablicos.<\/p>\n","protected":false},"excerpt":{"rendered":"<p>La Corte de Apelaciones de Copiap\u00f3, marco un importante precedente al acoger un recurso de protecci\u00f3n interpuesto por Oliver Varela Madariaga funcionario del SENCE\u00a0 en&hellip; <\/p>\n","protected":false},"author":2,"featured_media":23320,"comment_status":"open","ping_status":"closed","sticky":false,"template":"","format":"standard","meta":{"footnotes":""},"categories":[38],"tags":[],"class_list":["post-34848","post","type-post","status-publish","format-standard","has-post-thumbnail","hentry","category-portada-regional"],"_links":{"self":[{"href":"https:\/\/www.radioamigavallenar.cl\/index.php?rest_route=\/wp\/v2\/posts\/34848","targetHints":{"allow":["GET"]}}],"collection":[{"href":"https:\/\/www.radioamigavallenar.cl\/index.php?rest_route=\/wp\/v2\/posts"}],"about":[{"href":"https:\/\/www.radioamigavallenar.cl\/index.php?rest_route=\/wp\/v2\/types\/post"}],"author":[{"embeddable":true,"href":"https:\/\/www.radioamigavallenar.cl\/index.php?rest_route=\/wp\/v2\/users\/2"}],"replies":[{"embeddable":true,"href":"https:\/\/www.radioamigavallenar.cl\/index.php?rest_route=%2Fwp%2Fv2%2Fcomments&post=34848"}],"version-history":[{"count":1,"href":"https:\/\/www.radioamigavallenar.cl\/index.php?rest_route=\/wp\/v2\/posts\/34848\/revisions"}],"predecessor-version":[{"id":34849,"href":"https:\/\/www.radioamigavallenar.cl\/index.php?rest_route=\/wp\/v2\/posts\/34848\/revisions\/34849"}],"wp:featuredmedia":[{"embeddable":true,"href":"https:\/\/www.radioamigavallenar.cl\/index.php?rest_route=\/wp\/v2\/media\/23320"}],"wp:attachment":[{"href":"https:\/\/www.radioamigavallenar.cl\/index.php?rest_route=%2Fwp%2Fv2%2Fmedia&parent=34848"}],"wp:term":[{"taxonomy":"category","embeddable":true,"href":"https:\/\/www.radioamigavallenar.cl\/index.php?rest_route=%2Fwp%2Fv2%2Fcategories&post=34848"},{"taxonomy":"post_tag","embeddable":true,"href":"https:\/\/www.radioamigavallenar.cl\/index.php?rest_route=%2Fwp%2Fv2%2Ftags&post=34848"}],"curies":[{"name":"wp","href":"https:\/\/api.w.org\/{rel}","templated":true}]}}