{"id":34845,"date":"2021-01-18T12:09:54","date_gmt":"2021-01-18T15:09:54","guid":{"rendered":"https:\/\/www.radioamigavallenar.cl\/?p=34845"},"modified":"2021-01-18T12:23:29","modified_gmt":"2021-01-18T15:23:29","slug":"llegaron-las-primeras-vacunas-contra-el-covid-19-a-la-region-de-atacama","status":"publish","type":"post","link":"https:\/\/www.radioamigavallenar.cl\/?p=34845","title":{"rendered":"Llegaron las primeras vacunas contra el Covid-19 a la regi\u00f3n de Atacama"},"content":{"rendered":"<p>Hoy muy temprano llegaron a la capital de la regi\u00f3n de Atacama las dosis de vacunas para el Covid 19 o sarcov 2. A eso de las 9 de la ma\u00f1ana arribo al aeropuerto Desierto de Atacama, el avi\u00f3n que tra\u00eda el valioso cargamento, que fue recibido por autoridades de la regi\u00f3n. Estas 3.900 dosis ser\u00e1n para funcionarios de la salud de la regi\u00f3n, repartidos en Centros de Salud Familiar y hospitales de Atacama.<\/p>\n<p>A la llegada de estas vacunas el intendente, como primera autoridad, dijo que \u201cla regi\u00f3n ya cuenta con estas vacunas que servir\u00e1 para inmunizar gratis y voluntariamente al personal de la salud\u201d.<\/p>\n<p>Seguidamente el Director de Salud de la regi\u00f3n, Claudio Baeza manifest\u00f3 c\u00f3mo ser\u00e1 la vacunaci\u00f3n.<\/p>\n<p>\u201cSon 3.900 dosis que ser\u00e1n utilizadas en funcionarios activos de la salud de la regi\u00f3n.\u201d<\/p>\n<p>Una vez desembarcadas \u00a0fueron trasladadas a los centros de vacunaci\u00f3n. El inicio al proceso de vacunaci\u00f3n a funcionarios de la salud del Hospital San Jos\u00e9 del Carmen, de la comuna de\u00a0 Copiap\u00f3, se efectu\u00f3 desde este mediod\u00eda.<\/p>\n","protected":false},"excerpt":{"rendered":"<p>Hoy muy temprano llegaron a la capital de la regi\u00f3n de Atacama las dosis de vacunas para el Covid 19 o sarcov 2. A eso&hellip; <\/p>\n","protected":false},"author":2,"featured_media":34846,"comment_status":"open","ping_status":"closed","sticky":false,"template":"","format":"standard","meta":{"footnotes":""},"categories":[7],"tags":[],"class_list":["post-34845","post","type-post","status-publish","format-standard","has-post-thumbnail","hentry","category-atacama"],"_links":{"self":[{"href":"https:\/\/www.radioamigavallenar.cl\/index.php?rest_route=\/wp\/v2\/posts\/34845","targetHints":{"allow":["GET"]}}],"collection":[{"href":"https:\/\/www.radioamigavallenar.cl\/index.php?rest_route=\/wp\/v2\/posts"}],"about":[{"href":"https:\/\/www.radioamigavallenar.cl\/index.php?rest_route=\/wp\/v2\/types\/post"}],"author":[{"embeddable":true,"href":"https:\/\/www.radioamigavallenar.cl\/index.php?rest_route=\/wp\/v2\/users\/2"}],"replies":[{"embeddable":true,"href":"https:\/\/www.radioamigavallenar.cl\/index.php?rest_route=%2Fwp%2Fv2%2Fcomments&post=34845"}],"version-history":[{"count":3,"href":"https:\/\/www.radioamigavallenar.cl\/index.php?rest_route=\/wp\/v2\/posts\/34845\/revisions"}],"predecessor-version":[{"id":34857,"href":"https:\/\/www.radioamigavallenar.cl\/index.php?rest_route=\/wp\/v2\/posts\/34845\/revisions\/34857"}],"wp:featuredmedia":[{"embeddable":true,"href":"https:\/\/www.radioamigavallenar.cl\/index.php?rest_route=\/wp\/v2\/media\/34846"}],"wp:attachment":[{"href":"https:\/\/www.radioamigavallenar.cl\/index.php?rest_route=%2Fwp%2Fv2%2Fmedia&parent=34845"}],"wp:term":[{"taxonomy":"category","embeddable":true,"href":"https:\/\/www.radioamigavallenar.cl\/index.php?rest_route=%2Fwp%2Fv2%2Fcategories&post=34845"},{"taxonomy":"post_tag","embeddable":true,"href":"https:\/\/www.radioamigavallenar.cl\/index.php?rest_route=%2Fwp%2Fv2%2Ftags&post=34845"}],"curies":[{"name":"wp","href":"https:\/\/api.w.org\/{rel}","templated":true}]}}