{"id":34843,"date":"2021-01-18T12:07:03","date_gmt":"2021-01-18T15:07:03","guid":{"rendered":"https:\/\/www.radioamigavallenar.cl\/?p=34843"},"modified":"2021-01-18T12:07:03","modified_gmt":"2021-01-18T15:07:03","slug":"senador-rafael-prohens-celebra-llegada-de-vacunas-a-la-region-de-atacama","status":"publish","type":"post","link":"https:\/\/www.radioamigavallenar.cl\/?p=34843","title":{"rendered":"Senador Rafael Prohens celebra llegada de vacunas a la regi\u00f3n de Atacama"},"content":{"rendered":"<div>\n<div>Esta ma\u00f1ana las autoridades regionales recibieron en el Aeropuerto Desierto de Atacama la primera carga de vacunas que dar\u00e1 inicio al proceso de vacunaci\u00f3n en la tercera regi\u00f3n. Son 3.900 dosis de Pfizer\/BioNTech contra el Covid19, que ser\u00e1n distribuidas en primera instancia para los funcionarios de la Red Asistencial.<\/div>\n<div><\/div>\n<\/div>\n<p>\u201cAgradecemos a todos qui\u00e9nes han sido parte de este proceso, que permitir\u00e1 dar tranquilidad a la poblaci\u00f3n frente a una eventual segunda ola\u201d, dijo el parlamentario por Atacama, Rafael Prohens, qui\u00e9n adem\u00e1s envi\u00f3 un fraterno saludo a las autoridades regionales que tendr\u00e1n como desaf\u00edo a partir de hoy, que el Plan Nacional de Vacunaci\u00f3n se lleve a cabo exitosamente.<\/p>\n<p>\u201cSi bien hemos visto como nuestra regi\u00f3n y sus habitantes han realizado un importante esfuerzo en seguir las medidas sanitarias a lo largo del desarrollo de la pandemia, sabemos que existe la posibilidad de retroceder en el Plan Paso a Paso, sobre todo entendiendo que estamos en \u00e9poca estival y que las vacaciones se desarrollar\u00e1n dentro de Chile y en regiones que no est\u00e9n en cuarentena\u201d, se\u00f1al\u00f3 Prohens y enfatiz\u00f3 que la principal misi\u00f3n ahora, es que debemos mantener las medidas de prevenci\u00f3n y no bajar los brazos puesto que en el \u00faltimo mes, el aumento de los casos han provocado que tres comunas de la regi\u00f3n- Copiap\u00f3, Tierra Amarilla y Diego de Almagro- hayan retrocedido a Fase 2.<\/p>\n<p>Finalmente, el senador asever\u00f3 que \u201cen los \u00faltimos 7 d\u00edas, Atacama tuvo un aumento de un 66 % en nuevos casos de contagios de Coronavirus, por lo tanto debemos reforzar el llamado al autocuidado. No sirve de nada comenzar el proceso de vacunaci\u00f3n si no ponemos de nuestra parte para volver a tener cifras positivas, ese es nuestro principal objetivo\u201d.<\/p>\n","protected":false},"excerpt":{"rendered":"<p>Esta ma\u00f1ana las autoridades regionales recibieron en el Aeropuerto Desierto de Atacama la primera carga de vacunas que dar\u00e1 inicio al proceso de vacunaci\u00f3n en&hellip; <\/p>\n","protected":false},"author":2,"featured_media":34695,"comment_status":"open","ping_status":"closed","sticky":false,"template":"","format":"standard","meta":{"footnotes":""},"categories":[7],"tags":[],"class_list":["post-34843","post","type-post","status-publish","format-standard","has-post-thumbnail","hentry","category-atacama"],"_links":{"self":[{"href":"https:\/\/www.radioamigavallenar.cl\/index.php?rest_route=\/wp\/v2\/posts\/34843","targetHints":{"allow":["GET"]}}],"collection":[{"href":"https:\/\/www.radioamigavallenar.cl\/index.php?rest_route=\/wp\/v2\/posts"}],"about":[{"href":"https:\/\/www.radioamigavallenar.cl\/index.php?rest_route=\/wp\/v2\/types\/post"}],"author":[{"embeddable":true,"href":"https:\/\/www.radioamigavallenar.cl\/index.php?rest_route=\/wp\/v2\/users\/2"}],"replies":[{"embeddable":true,"href":"https:\/\/www.radioamigavallenar.cl\/index.php?rest_route=%2Fwp%2Fv2%2Fcomments&post=34843"}],"version-history":[{"count":1,"href":"https:\/\/www.radioamigavallenar.cl\/index.php?rest_route=\/wp\/v2\/posts\/34843\/revisions"}],"predecessor-version":[{"id":34844,"href":"https:\/\/www.radioamigavallenar.cl\/index.php?rest_route=\/wp\/v2\/posts\/34843\/revisions\/34844"}],"wp:featuredmedia":[{"embeddable":true,"href":"https:\/\/www.radioamigavallenar.cl\/index.php?rest_route=\/wp\/v2\/media\/34695"}],"wp:attachment":[{"href":"https:\/\/www.radioamigavallenar.cl\/index.php?rest_route=%2Fwp%2Fv2%2Fmedia&parent=34843"}],"wp:term":[{"taxonomy":"category","embeddable":true,"href":"https:\/\/www.radioamigavallenar.cl\/index.php?rest_route=%2Fwp%2Fv2%2Fcategories&post=34843"},{"taxonomy":"post_tag","embeddable":true,"href":"https:\/\/www.radioamigavallenar.cl\/index.php?rest_route=%2Fwp%2Fv2%2Ftags&post=34843"}],"curies":[{"name":"wp","href":"https:\/\/api.w.org\/{rel}","templated":true}]}}