{"id":34840,"date":"2021-01-18T12:06:17","date_gmt":"2021-01-18T15:06:17","guid":{"rendered":"https:\/\/www.radioamigavallenar.cl\/?p=34840"},"modified":"2021-01-18T12:06:17","modified_gmt":"2021-01-18T15:06:17","slug":"mas-de-50-mil-permisos-para-vacacionar-en-coquimbo-y-la-serena","status":"publish","type":"post","link":"https:\/\/www.radioamigavallenar.cl\/?p=34840","title":{"rendered":"M\u00e1s de 50 Mil permisos para vacacionar en Coquimbo y La Serena"},"content":{"rendered":"<p>Pese a la aduana sanitaria ubicada en Pichidangui y las peticiones de ex\u00e1menes PCR aleatorios que se est\u00e1n realizando de parte de las autoridades,\u00a0 los turistas siguen llegando en maza a la regi\u00f3n, con preferencia en las comunas de Coquimbo y La Serena.<\/p>\n<p>Seg\u00fan el \u00faltimo y m\u00e1s reciente informe sobre los permisos para vacacionar, estos arrojaron los siguientes resultados.\u00a0Destino de permisos de vacaciones solicitados hacia la Regi\u00f3n de Coquimbo,\u00a0<strong>desde el 4 de enero a las 5 am de hoy lunes 18 de enero<\/strong><\/p>\n<p><strong>Coquimbo: 32.584 (4.8%)<\/strong><br \/>\n<strong>La Serena: 24.848 (3.66%)<\/strong><br \/>\nOvalle: 2.963 (0.43%)<br \/>\nVicu\u00f1a: 1.171 (0.17%)<br \/>\nIllapel: 942 (0.13%)<\/p>\n<p>Regi\u00f3n de Coquimbo es la cuarta en preferencias de turistas, despu\u00e9s de Valpara\u00edso, Araucan\u00eda y RM.<\/p>\n","protected":false},"excerpt":{"rendered":"<p>Pese a la aduana sanitaria ubicada en Pichidangui y las peticiones de ex\u00e1menes PCR aleatorios que se est\u00e1n realizando de parte de las autoridades,\u00a0 los&hellip; <\/p>\n","protected":false},"author":2,"featured_media":0,"comment_status":"open","ping_status":"closed","sticky":false,"template":"","format":"standard","meta":{"footnotes":""},"categories":[37],"tags":[],"class_list":["post-34840","post","type-post","status-publish","format-standard","hentry","category-nacional"],"_links":{"self":[{"href":"https:\/\/www.radioamigavallenar.cl\/index.php?rest_route=\/wp\/v2\/posts\/34840","targetHints":{"allow":["GET"]}}],"collection":[{"href":"https:\/\/www.radioamigavallenar.cl\/index.php?rest_route=\/wp\/v2\/posts"}],"about":[{"href":"https:\/\/www.radioamigavallenar.cl\/index.php?rest_route=\/wp\/v2\/types\/post"}],"author":[{"embeddable":true,"href":"https:\/\/www.radioamigavallenar.cl\/index.php?rest_route=\/wp\/v2\/users\/2"}],"replies":[{"embeddable":true,"href":"https:\/\/www.radioamigavallenar.cl\/index.php?rest_route=%2Fwp%2Fv2%2Fcomments&post=34840"}],"version-history":[{"count":1,"href":"https:\/\/www.radioamigavallenar.cl\/index.php?rest_route=\/wp\/v2\/posts\/34840\/revisions"}],"predecessor-version":[{"id":34842,"href":"https:\/\/www.radioamigavallenar.cl\/index.php?rest_route=\/wp\/v2\/posts\/34840\/revisions\/34842"}],"wp:attachment":[{"href":"https:\/\/www.radioamigavallenar.cl\/index.php?rest_route=%2Fwp%2Fv2%2Fmedia&parent=34840"}],"wp:term":[{"taxonomy":"category","embeddable":true,"href":"https:\/\/www.radioamigavallenar.cl\/index.php?rest_route=%2Fwp%2Fv2%2Fcategories&post=34840"},{"taxonomy":"post_tag","embeddable":true,"href":"https:\/\/www.radioamigavallenar.cl\/index.php?rest_route=%2Fwp%2Fv2%2Ftags&post=34840"}],"curies":[{"name":"wp","href":"https:\/\/api.w.org\/{rel}","templated":true}]}}