{"id":34838,"date":"2021-01-18T10:56:22","date_gmt":"2021-01-18T13:56:22","guid":{"rendered":"https:\/\/www.radioamigavallenar.cl\/?p=34838"},"modified":"2021-01-18T10:56:22","modified_gmt":"2021-01-18T13:56:22","slug":"oposicion-espera-que-proyecto-de-voto-anticipado-se-pueda-aprobar-para-elecciones-del-11-de-abril","status":"publish","type":"post","link":"https:\/\/www.radioamigavallenar.cl\/?p=34838","title":{"rendered":"Oposici\u00f3n espera que proyecto de \u00abvoto anticipado\u00bb se pueda aprobar para elecciones del 11 de abril"},"content":{"rendered":"<p>Este martes en la comisi\u00f3n de Gobierno Interior de la C\u00e1mara, continuar\u00e1 la tramitaci\u00f3n en particular del proyecto que busca<strong>\u00a0establecer el \u201cvoto anticipado\u201d, u<\/strong>n nuevo mecanismo que se incorporar\u00eda en nuestro pa\u00eds.<\/p>\n<p>Pero la pregunta de muchos es: \u00bfpodr\u00eda debutar para las elecciones del 11 de abril? Es parte del objetivo de la mayor\u00eda opositora, pero todo va a depender de la celeridad que se entregue a su trabajo legislativo.<\/p>\n<p>El momento clave ser\u00e1 cuando el Gobierno ingrese sus comprometidas indicaciones. De hecho, la instancia est\u00e1 a la espera de esas enmiendas, para despachar el texto legal a la Sala y enviarlo al Senado.<\/p>\n<p>La diputada DC Joanna P\u00e9rez, presidenta de la comisi\u00f3n, se\u00f1al\u00f3 que creen posible que<strong>\u00a0la iniciativa sea despachada antes de que inicie febrero, receso legislativo.<\/strong><\/p>\n<p>Por su parte la PPD, Andrea Parra, espera que el Ejecutivo act\u00fae r\u00e1pidamente para contar con el voto anticipado en el pr\u00f3ximo acto electoral.<\/p>\n<p>En lo concreto,\u00a0<strong>la iniciativa establece el voto anticipado para quienes presenten problemas de salud, est\u00e9n en grupos de riesgo o sean personas privadas de libertad.<\/strong><\/p>\n<p>En ese sentido, las indicaciones del Gobierno apuntan a la creaci\u00f3n del padr\u00f3n, y a permitir un buen piloto, con grupos espec\u00edficos y un local de votaci\u00f3n por comuna.<\/p>\n<p>El subsecretario de la Secretar\u00eda General de la Presidencia M\u00e1ximo P\u00e1vez indic\u00f3 que al ser una pol\u00edtica p\u00fablica nueva, debe realizarse responsablemente.<\/p>\n<p>En el oficialismo se mostraron m\u00e1s cautelosos en la materia. Si bien apoyan la idea de que el proyecto avance, creen que no deber\u00eda ser prioridad que sea ley antes de las pr\u00f3ximas elecciones.<\/p>\n<p>Al respecto se refiri\u00f3 la subjefa de bancada RN Karin Luck, miembro de la comisi\u00f3n de Gobierno Interior. Se\u00f1al\u00f3 que\u00a0<strong>si bien podr\u00eda ser despachado para las elecciones de abril, no deber\u00eda ser una tramitaci\u00f3n \u201ca la r\u00e1pida\u201d.<\/strong><\/p>\n<p>Seg\u00fan fuentes de La Moneda, las indicaciones estar\u00edan ingresadas este martes.<\/p>\n<p>De acuerdo a expertos, el voto anticipado ser\u00eda positivo para evitar aglomeraciones, y mejora la eficiencia de los vocales de mesa. Por el contrario, se advierte un mayor costo de campa\u00f1a.<\/p>\n<p>La iniciativa establece que este mecanismo ser\u00eda empleado una semana antes del acto electoral.<\/p>\n","protected":false},"excerpt":{"rendered":"<p>Este martes en la comisi\u00f3n de Gobierno Interior de la C\u00e1mara, continuar\u00e1 la tramitaci\u00f3n en particular del proyecto que busca\u00a0establecer el \u201cvoto anticipado\u201d, un nuevo&hellip; <\/p>\n","protected":false},"author":2,"featured_media":31875,"comment_status":"open","ping_status":"closed","sticky":false,"template":"","format":"standard","meta":{"footnotes":""},"categories":[37],"tags":[],"class_list":["post-34838","post","type-post","status-publish","format-standard","has-post-thumbnail","hentry","category-nacional"],"_links":{"self":[{"href":"https:\/\/www.radioamigavallenar.cl\/index.php?rest_route=\/wp\/v2\/posts\/34838","targetHints":{"allow":["GET"]}}],"collection":[{"href":"https:\/\/www.radioamigavallenar.cl\/index.php?rest_route=\/wp\/v2\/posts"}],"about":[{"href":"https:\/\/www.radioamigavallenar.cl\/index.php?rest_route=\/wp\/v2\/types\/post"}],"author":[{"embeddable":true,"href":"https:\/\/www.radioamigavallenar.cl\/index.php?rest_route=\/wp\/v2\/users\/2"}],"replies":[{"embeddable":true,"href":"https:\/\/www.radioamigavallenar.cl\/index.php?rest_route=%2Fwp%2Fv2%2Fcomments&post=34838"}],"version-history":[{"count":1,"href":"https:\/\/www.radioamigavallenar.cl\/index.php?rest_route=\/wp\/v2\/posts\/34838\/revisions"}],"predecessor-version":[{"id":34839,"href":"https:\/\/www.radioamigavallenar.cl\/index.php?rest_route=\/wp\/v2\/posts\/34838\/revisions\/34839"}],"wp:featuredmedia":[{"embeddable":true,"href":"https:\/\/www.radioamigavallenar.cl\/index.php?rest_route=\/wp\/v2\/media\/31875"}],"wp:attachment":[{"href":"https:\/\/www.radioamigavallenar.cl\/index.php?rest_route=%2Fwp%2Fv2%2Fmedia&parent=34838"}],"wp:term":[{"taxonomy":"category","embeddable":true,"href":"https:\/\/www.radioamigavallenar.cl\/index.php?rest_route=%2Fwp%2Fv2%2Fcategories&post=34838"},{"taxonomy":"post_tag","embeddable":true,"href":"https:\/\/www.radioamigavallenar.cl\/index.php?rest_route=%2Fwp%2Fv2%2Ftags&post=34838"}],"curies":[{"name":"wp","href":"https:\/\/api.w.org\/{rel}","templated":true}]}}