{"id":34836,"date":"2021-01-18T10:51:53","date_gmt":"2021-01-18T13:51:53","guid":{"rendered":"https:\/\/www.radioamigavallenar.cl\/?p=34836"},"modified":"2021-01-18T10:51:53","modified_gmt":"2021-01-18T13:51:53","slug":"atacama-tuvo-el-mayor-alza-a-nivel-nacional-en-sus-exportaciones-en-noviembre-de-2020","status":"publish","type":"post","link":"https:\/\/www.radioamigavallenar.cl\/?p=34836","title":{"rendered":"Atacama tuvo el mayor alza a nivel nacional en sus exportaciones en noviembre de 2020"},"content":{"rendered":"<p>La Regi\u00f3n de Atacama marc\u00f3 el mayor alza en sus exportaciones de bienes no cobre a nivel nacional durante el mes de noviembre de 2020 en relaci\u00f3n a igual periodo del a\u00f1o anterior.<\/p>\n<p>As\u00ed lo dio a conocer el \u201cInforme de Exportaciones Regionales y Sectoriales\u201d correspondiente al per\u00edodo enero-noviembre del 2020, cuyas fuentes son el Servicio Nacional de Aduana y el Servicio de Impuestos Internos.<\/p>\n<p>De acuerdo a la Directora de ProChile Atacama, Claudia Pradenas, en la regi\u00f3n los embarques al exterior mostraron un notable aumento de m\u00e1s de US$ 635 millones, en comparaci\u00f3n a noviembre del a\u00f1o 2019.\u00a0\u00a0Adem\u00e1s, a esta fecha se contabilizaron un total de 130 empresas exportadoras regionales.<\/p>\n<p>Pradenas destac\u00f3 que la regi\u00f3n marc\u00f3 un alza del 104 por ciento en sus exportaciones de bienes no cobre, considerando los periodos noviembre 2019 a noviembre 2020, situaci\u00f3n explicada principalmente por las \u201cexportaciones de finos de minerales de Hierro con un aumento de un 108% m\u00e1s respecto a noviembre de 2019; las uvas frescas, en todas sus variedades, con un aumento de un 6,99% sobre el anterior; y el Abal\u00f3n verde en conserva o preparados, con un aumento de un 122,17% en similar periodo, entre otros\u201d.<\/p>\n<p>Si bien en noviembre pasado el valor de las exportaciones chilenas de bienes no cobre alcanzaron a US$ 30.232 millones, significando una disminuci\u00f3n de 6% comparado con igual per\u00edodo de 2019, el caso de Atacama fue totalmente distinto, liderando nuevamente el ranking de mayores exportaciones a nivel pa\u00eds.<\/p>\n<p>Otras regiones que presentaron un alza en los env\u00edos de bienes no cobre, en comparaci\u00f3n a igual per\u00edodo del a\u00f1o anterior, fueron: O\u2019Higgins (+US$ 87 millones); Tarapac\u00e1 (+US$ 64 millones); La Araucan\u00eda (+US$ 59 millones); Arica y Parinacota (+US$ 20 millones).<\/p>\n","protected":false},"excerpt":{"rendered":"<p>La Regi\u00f3n de Atacama marc\u00f3 el mayor alza en sus exportaciones de bienes no cobre a nivel nacional durante el mes de noviembre de 2020&hellip; <\/p>\n","protected":false},"author":2,"featured_media":32382,"comment_status":"open","ping_status":"closed","sticky":false,"template":"","format":"standard","meta":{"footnotes":""},"categories":[7],"tags":[],"class_list":["post-34836","post","type-post","status-publish","format-standard","has-post-thumbnail","hentry","category-atacama"],"_links":{"self":[{"href":"https:\/\/www.radioamigavallenar.cl\/index.php?rest_route=\/wp\/v2\/posts\/34836","targetHints":{"allow":["GET"]}}],"collection":[{"href":"https:\/\/www.radioamigavallenar.cl\/index.php?rest_route=\/wp\/v2\/posts"}],"about":[{"href":"https:\/\/www.radioamigavallenar.cl\/index.php?rest_route=\/wp\/v2\/types\/post"}],"author":[{"embeddable":true,"href":"https:\/\/www.radioamigavallenar.cl\/index.php?rest_route=\/wp\/v2\/users\/2"}],"replies":[{"embeddable":true,"href":"https:\/\/www.radioamigavallenar.cl\/index.php?rest_route=%2Fwp%2Fv2%2Fcomments&post=34836"}],"version-history":[{"count":1,"href":"https:\/\/www.radioamigavallenar.cl\/index.php?rest_route=\/wp\/v2\/posts\/34836\/revisions"}],"predecessor-version":[{"id":34837,"href":"https:\/\/www.radioamigavallenar.cl\/index.php?rest_route=\/wp\/v2\/posts\/34836\/revisions\/34837"}],"wp:featuredmedia":[{"embeddable":true,"href":"https:\/\/www.radioamigavallenar.cl\/index.php?rest_route=\/wp\/v2\/media\/32382"}],"wp:attachment":[{"href":"https:\/\/www.radioamigavallenar.cl\/index.php?rest_route=%2Fwp%2Fv2%2Fmedia&parent=34836"}],"wp:term":[{"taxonomy":"category","embeddable":true,"href":"https:\/\/www.radioamigavallenar.cl\/index.php?rest_route=%2Fwp%2Fv2%2Fcategories&post=34836"},{"taxonomy":"post_tag","embeddable":true,"href":"https:\/\/www.radioamigavallenar.cl\/index.php?rest_route=%2Fwp%2Fv2%2Ftags&post=34836"}],"curies":[{"name":"wp","href":"https:\/\/api.w.org\/{rel}","templated":true}]}}