{"id":34833,"date":"2021-01-18T10:34:40","date_gmt":"2021-01-18T13:34:40","guid":{"rendered":"https:\/\/www.radioamigavallenar.cl\/?p=34833"},"modified":"2021-01-18T10:34:40","modified_gmt":"2021-01-18T13:34:40","slug":"exportaciones-de-productos-con-cobre-casi-se-triplican-y-llegan-a-18-paises","status":"publish","type":"post","link":"https:\/\/www.radioamigavallenar.cl\/?p=34833","title":{"rendered":"Exportaciones de productos con cobre casi se triplican y llegan a 18 pa\u00edses"},"content":{"rendered":"<p><strong>El a\u00f1o pasado los env\u00edos al exterior de emprendedores chilenos aumentaron un 172% respecto a 2019, pasando de US$344 mil a US$937.193.<\/strong><span id=\"more-234231\"><\/span><\/p>\n<p>Entre los productos m\u00e1s solicitados est\u00e1n los textiles e insumos para evitar la propagaci\u00f3n de la pandemia e incluso una empresa chilena est\u00e1 sanitizando edificios e instalaciones p\u00fablicas en Dub\u00e1i.<\/p>\n<p>Santiago, 18 de enero de 2021.-\u00a0El cobre sigue ganando espacio en productos con valor agregado y no solo como materia prima. As\u00ed lo demuestran las cifras de exportaciones de insumos de uso sanitario que se elaboran con este metal, las cuales casi se triplicaron en 2020 en relaci\u00f3n al a\u00f1o anterior, seg\u00fan datos recopilados por ProChile y el Ministerio de Miner\u00eda.<\/p>\n<p>Este explosivo aumento se explica tanto por la pandemia el Covid-19 como por el trabajo que est\u00e1 realizando el Gobierno -a trav\u00e9s de ProChile y el Ministerio de Miner\u00eda- para visibilizar los diferentes usos del cobre y la exportaci\u00f3n de productos de cobre no tradicional, explic\u00f3 el biministro de Energ\u00eda y Miner\u00eda, Juan Carlos Jobet.<\/p>\n<p>\u201cEl cobre ha sido un aliado frente a esta pandemia debido a las propiedades biocidas que tiene. Adem\u00e1s, abri\u00f3 un espacio a los emprendedores chilenos que comenzaron a incorporar este metal innovando con nuevos productos y que hoy est\u00e1n siendo altamente requeridos desde diversas partes del mundo\u201d, explic\u00f3 el secretario de Estado.<\/p>\n<p>Prueba de ello es que la industria de exportaci\u00f3n de productos con cobre crece a\u00f1o a a\u00f1o y actualmente 12 pymes est\u00e1n realizando env\u00edos de este tipo, con ventas que pasaron de US$344.701 en 2019 a US$937.193 el a\u00f1o pasado, lo que representa un aumento de 171,8%. A manera de comparaci\u00f3n, en 2017 las exportaciones apenas alcanzaban US$238.270 y en 2018 llegaron a US$292.008.<\/p>\n<p>Por su parte, la Directora General (s) de ProChile, Lorena Sep\u00falveda, destac\u00f3 que \u201cnuestro objetivo ha sido posicionar a las empresas chilenas de productos con nanocobre como proveedoras confiables, gracias al conocimiento y desarrollo tecnol\u00f3gico que se ha conseguido. Este valor agregado e innovaci\u00f3n ha despertado inter\u00e9s\u00a0 en el mundo y en ProChile estamos comprometidos a apoyar su internacionalizaci\u00f3n, pues contribuyen a diversificar y agregar valor a nuestra oferta exportable\u201d.<\/p>\n<p>Entre los productos que generan un mayor inter\u00e9s se encuentran los textiles, como mascarillas con cobre; insumos para sanitizaci\u00f3n que tienen nanopart\u00edculas de cobre y que sirven para abarcar superficies amplias, adem\u00e1s de productos para la salud y cosm\u00e9tica, como alcohol gel.<\/p>\n<p>Estas innovaciones chilenas llegaron en 2020 a 18 pa\u00edses: China, Canad\u00e1, Per\u00fa, Brasil, Estados Unidos, Espa\u00f1a, Costa Rica, El Salvador, M\u00e9xico, Ecuador, Argentina, Guatemala, Honduras, Panam\u00e1, Alemania, B\u00e9lgica, Jap\u00f3n y Turqu\u00eda. Incluso, una empresa chilena ya tiene presencia en Dub\u00e1i sanitizando edificios e instalaciones p\u00fablicas con este tipo de productos.<\/p>\n<p>&nbsp;<\/p>\n<p><img loading=\"lazy\" decoding=\"async\" class=\"alignnone size-full wp-image-234232 lazy-loaded\" src=\"https:\/\/www.maray.cl\/wp-content\/uploads\/2021\/01\/222222-1.png\" sizes=\"auto, (max-width: 810px) 100vw, 810px\" srcset=\"https:\/\/www.maray.cl\/wp-content\/uploads\/2021\/01\/222222-1.png 810w, https:\/\/www.maray.cl\/wp-content\/uploads\/2021\/01\/222222-1-600x474.png 600w, https:\/\/www.maray.cl\/wp-content\/uploads\/2021\/01\/222222-1-800x632.png 800w, https:\/\/www.maray.cl\/wp-content\/uploads\/2021\/01\/222222-1-768x607.png 768w\" alt=\"\" width=\"810\" height=\"640\" data-lazy-type=\"image\" data-src=\"https:\/\/www.maray.cl\/wp-content\/uploads\/2021\/01\/222222-1.png\" data-srcset=\"\" \/><\/p>\n","protected":false},"excerpt":{"rendered":"<p>El a\u00f1o pasado los env\u00edos al exterior de emprendedores chilenos aumentaron un 172% respecto a 2019, pasando de US$344 mil a US$937.193. Entre los productos&hellip; <\/p>\n","protected":false},"author":2,"featured_media":0,"comment_status":"open","ping_status":"closed","sticky":false,"template":"","format":"standard","meta":{"footnotes":""},"categories":[7],"tags":[],"class_list":["post-34833","post","type-post","status-publish","format-standard","hentry","category-atacama"],"_links":{"self":[{"href":"https:\/\/www.radioamigavallenar.cl\/index.php?rest_route=\/wp\/v2\/posts\/34833","targetHints":{"allow":["GET"]}}],"collection":[{"href":"https:\/\/www.radioamigavallenar.cl\/index.php?rest_route=\/wp\/v2\/posts"}],"about":[{"href":"https:\/\/www.radioamigavallenar.cl\/index.php?rest_route=\/wp\/v2\/types\/post"}],"author":[{"embeddable":true,"href":"https:\/\/www.radioamigavallenar.cl\/index.php?rest_route=\/wp\/v2\/users\/2"}],"replies":[{"embeddable":true,"href":"https:\/\/www.radioamigavallenar.cl\/index.php?rest_route=%2Fwp%2Fv2%2Fcomments&post=34833"}],"version-history":[{"count":1,"href":"https:\/\/www.radioamigavallenar.cl\/index.php?rest_route=\/wp\/v2\/posts\/34833\/revisions"}],"predecessor-version":[{"id":34835,"href":"https:\/\/www.radioamigavallenar.cl\/index.php?rest_route=\/wp\/v2\/posts\/34833\/revisions\/34835"}],"wp:attachment":[{"href":"https:\/\/www.radioamigavallenar.cl\/index.php?rest_route=%2Fwp%2Fv2%2Fmedia&parent=34833"}],"wp:term":[{"taxonomy":"category","embeddable":true,"href":"https:\/\/www.radioamigavallenar.cl\/index.php?rest_route=%2Fwp%2Fv2%2Fcategories&post=34833"},{"taxonomy":"post_tag","embeddable":true,"href":"https:\/\/www.radioamigavallenar.cl\/index.php?rest_route=%2Fwp%2Fv2%2Ftags&post=34833"}],"curies":[{"name":"wp","href":"https:\/\/api.w.org\/{rel}","templated":true}]}}