{"id":34830,"date":"2021-01-18T10:01:30","date_gmt":"2021-01-18T13:01:30","guid":{"rendered":"https:\/\/www.radioamigavallenar.cl\/?p=34830"},"modified":"2021-01-18T10:01:30","modified_gmt":"2021-01-18T13:01:30","slug":"ministro-prokurica-visita-la-frontera-norte-y-destaca-rol-de-las-ff-aa-en-control-de-trafico-ilegal-de-migrantes-y-trata-de-personas","status":"publish","type":"post","link":"https:\/\/www.radioamigavallenar.cl\/?p=34830","title":{"rendered":"Ministro Prokurica visita la frontera norte y destaca rol de las FF.AA. en control de tr\u00e1fico ilegal de migrantes y trata de personas"},"content":{"rendered":"<p><strong>Titular de Defensa Nacional revel\u00f3 que las Fuerzas Armadas han utilizado m\u00e1s de 100 medios como veh\u00edculos, drones, lanchas, camiones, helic\u00f3pteros, aviones en los patrullajes de la frontera, y que la Armada ha incautado m\u00e1s de 5 millones de toneladas de droga.<\/strong><\/p>\n<p>Una visita a unidades militares emplazadas en la frontera de la Regi\u00f3n de Arica y Parinacota realiz\u00f3 el ministro de Defensa Nacional,\u00a0<strong>Baldo Prokurica<\/strong>, al alero de la reciente modificaci\u00f3n del Decreto Supremo 265, que faculta a las Fuerzas Armadas para colaborar con Carabineros y la PDI en el control de los delitos de tr\u00e1fico ilegal de migrantes y trata de personas en la Frontera Norte, que incluye tambi\u00e9n las regiones de Tarapac\u00e1 y Antofagasta. Estos delitos se suman a los de narcotr\u00e1fico y crimen organizado trasnacional, que ya estaban contemplados en dicho decreto desde agosto de 2019.<\/p>\n<p>El secretario de Estado, quien estuvo acompa\u00f1ado por el comandante en Jefe del Ej\u00e9rcito, general Ricardo Mart\u00ednez, y el jefe del Estado Mayor Conjunto, general Javier Iturriaga, inspeccion\u00f3 en Arica la Brigada motorizada N\u00b04 \u201cRancagua\u201d, y la 1ra Brigada Acorazada \u201cCoraceros\u201d, donde constat\u00f3 las capacidades y tecnolog\u00edas disponibles, y la labor que realizan los efectivos durante la pandemia y en apoyo a la ciudadan\u00eda.<\/p>\n<p>La autoridad tambi\u00e9n particip\u00f3 en ejercicios t\u00e1cticos del Ej\u00e9rcito, que permitieron visualizar las capacidades operativas de las FF.AA.<\/p>\n<p>Durante la gira de dos d\u00edas, el ministro se desplaz\u00f3 en helic\u00f3ptero hasta el puesto fronterizo de Coronel Alc\u00e9rreca (a 120 kil\u00f3metros al noreste de Arica y 4.000 metros de altitud), dependiente de la Brigada Motorizada N 24 \u201cHuamachuco\u201d, en Putre, donde comparti\u00f3 con los efectivos del Ej\u00e9rcito que se encuentran custodiando las fronteras, a quienes agradeci\u00f3 el trabajo coordinado de protecci\u00f3n fronteriza.<\/p>\n<p>\u201cEn el puesto coronel Alc\u00e9rreca visitamos a las patrullas del Ej\u00e9rcito que est\u00e1n colaborando con Carabineros y la PDI en el control de la frontera con Per\u00fa y Bolivia. Ellos est\u00e1n realizando un trabajo muy profesional y abnegado, en condiciones clim\u00e1ticas y geogr\u00e1ficas adversas, para enfrentar el tr\u00e1fico ilegal de personas, el narcotr\u00e1fico y el crimen organizado, y resguardar la seguridad de nuestros compatriotas\u201d, dijo el ministro Prokurica.<\/p>\n<p>El secretario de Estado se\u00f1al\u00f3 que la pandemia de Covid ha generado una crisis econ\u00f3mica, social y humanitaria en varios pa\u00edses de la regi\u00f3n, que se ha traducido en enormes desplazamientos de personas hacia Chile.<\/p>\n<p>El general Mart\u00ednez valor\u00f3 la visita del ministro, y dijo que \u201cel objetivo es que la autoridad pol\u00edtica pueda conocer las unidades de la zona norte, y pueda saber qu\u00e9 hacemos, y se lleve una idea de las distintas tareas que nuestros soldados realizan en la puerta norte de la frontera de Chile\u201d.<\/p>\n<p style=\"text-align: center;\"><strong>BALANCE DEL ROL DE LAS FF.AA. EN LA FRONTERA NORTE<\/strong><\/p>\n<p>El ministro de Defensa Nacional se\u00f1al\u00f3 que desde la vigencia del DS 265 se han realizado casi 1.800 operaciones militares, principalmente de car\u00e1cter tecnol\u00f3gico, con medios humanos y optr\u00f3nicos para facilitar la detecci\u00f3n diurna y nocturna de actividades ilegales.<\/p>\n<p>Prokurica revel\u00f3 que dichos operativos permitieron incautar m\u00e1s de 5 toneladas de droga por la polic\u00eda mar\u00edtima durante el \u00faltimo a\u00f1o, y se han utilizado m\u00e1s de 100 medios como veh\u00edculos, drones, lanchas, camiones, helic\u00f3pteros, aviones.<\/p>\n<p>Adem\u00e1s, los efectivos de las FF.AA. han recorrido el equivalente a m\u00e1s de 24 mil kil\u00f3metros de frontera norte en las tareas de control.<\/p>\n","protected":false},"excerpt":{"rendered":"<p>Titular de Defensa Nacional revel\u00f3 que las Fuerzas Armadas han utilizado m\u00e1s de 100 medios como veh\u00edculos, drones, lanchas, camiones, helic\u00f3pteros, aviones en los patrullajes&hellip; <\/p>\n","protected":false},"author":2,"featured_media":34831,"comment_status":"open","ping_status":"closed","sticky":false,"template":"","format":"standard","meta":{"footnotes":""},"categories":[37,38],"tags":[],"class_list":["post-34830","post","type-post","status-publish","format-standard","has-post-thumbnail","hentry","category-nacional","category-portada-regional"],"_links":{"self":[{"href":"https:\/\/www.radioamigavallenar.cl\/index.php?rest_route=\/wp\/v2\/posts\/34830","targetHints":{"allow":["GET"]}}],"collection":[{"href":"https:\/\/www.radioamigavallenar.cl\/index.php?rest_route=\/wp\/v2\/posts"}],"about":[{"href":"https:\/\/www.radioamigavallenar.cl\/index.php?rest_route=\/wp\/v2\/types\/post"}],"author":[{"embeddable":true,"href":"https:\/\/www.radioamigavallenar.cl\/index.php?rest_route=\/wp\/v2\/users\/2"}],"replies":[{"embeddable":true,"href":"https:\/\/www.radioamigavallenar.cl\/index.php?rest_route=%2Fwp%2Fv2%2Fcomments&post=34830"}],"version-history":[{"count":1,"href":"https:\/\/www.radioamigavallenar.cl\/index.php?rest_route=\/wp\/v2\/posts\/34830\/revisions"}],"predecessor-version":[{"id":34832,"href":"https:\/\/www.radioamigavallenar.cl\/index.php?rest_route=\/wp\/v2\/posts\/34830\/revisions\/34832"}],"wp:featuredmedia":[{"embeddable":true,"href":"https:\/\/www.radioamigavallenar.cl\/index.php?rest_route=\/wp\/v2\/media\/34831"}],"wp:attachment":[{"href":"https:\/\/www.radioamigavallenar.cl\/index.php?rest_route=%2Fwp%2Fv2%2Fmedia&parent=34830"}],"wp:term":[{"taxonomy":"category","embeddable":true,"href":"https:\/\/www.radioamigavallenar.cl\/index.php?rest_route=%2Fwp%2Fv2%2Fcategories&post=34830"},{"taxonomy":"post_tag","embeddable":true,"href":"https:\/\/www.radioamigavallenar.cl\/index.php?rest_route=%2Fwp%2Fv2%2Ftags&post=34830"}],"curies":[{"name":"wp","href":"https:\/\/api.w.org\/{rel}","templated":true}]}}