{"id":34828,"date":"2021-01-18T09:58:58","date_gmt":"2021-01-18T12:58:58","guid":{"rendered":"https:\/\/www.radioamigavallenar.cl\/?p=34828"},"modified":"2021-01-18T09:58:58","modified_gmt":"2021-01-18T12:58:58","slug":"fundacion-integra-inicia-la-postulacion-online-2021-a-sus-jardines-infantiles","status":"publish","type":"post","link":"https:\/\/www.radioamigavallenar.cl\/?p=34828","title":{"rendered":"Fundaci\u00f3n Integra inicia la postulaci\u00f3n online 2021 a sus jardines infantiles"},"content":{"rendered":"<p><strong>Por primera vez en la instituci\u00f3n el proceso se llevar\u00e1 a cabo de manera online en la campa\u00f1a \u201cPostula a un mejor futuro\u201d, con la finalidad de facilitar a los padres y apoderados la inscripci\u00f3n de sus hijos e hijas ante el actual contexto sanitario.<\/strong><span id=\"more-132937\"><\/span><\/p>\n<p>Este lunes 18 de enero Fundaci\u00f3n Integra comienza la postulaci\u00f3n online a sus 29 jardines infantiles y salas cuna en Atacama y m\u00e1s de 1.200 en todo el pa\u00eds, a trav\u00e9s de la p\u00e1gina web\u00a0<a href=\"http:\/\/www.integra.cl\/\" target=\"_blank\" rel=\"noopener noreferrer\">www.integra.cl<\/a>, hasta el viernes 19 de febrero.<\/p>\n<p>Patricia Espinoza Droguett, directora regional de Fundaci\u00f3n Integra coment\u00f3 que \u201cnuestra instituci\u00f3n, referente en Educaci\u00f3n Parvularia con m\u00e1s de 30 a\u00f1os de trayectoria, entrega aprendizajes de calidad de manera gratuita a m\u00e1s de 2.200 ni\u00f1os y ni\u00f1as en la regi\u00f3n. Esto, a trav\u00e9s un Proyecto Educativo Institucional (PEI) que orienta la labor de cada establecimiento, que permite que la atenci\u00f3n y cuidados a los p\u00e1rvulos y lactantes sean acordes a cada contexto y comunidad educativa. Esperamos que las familias postulen y se sumen a nuestra red\u201d.<\/p>\n<p style=\"text-align: center;\"><strong>\u00bfC\u00f3mo postular?<\/strong><\/p>\n<p>En este proceso, cada familia deber\u00e1 registrarse en la web de la entidad inicial y crear un usuario, luego ingresar los datos del ni\u00f1o o ni\u00f1a y seleccionar los establecimientos de su preferencia (uno o m\u00e1s). En el caso de las familias migrantes, que a\u00fan no cuenten con registro chileno, podr\u00e1n postular con el IPA (Identificador Provisorio del Apoderado) e IPE (Identificador Provisorio del Estudiante). Al finalizar el tr\u00e1mite, se descargar\u00e1 un comprobante. La familia podr\u00e1 modificar su postulaci\u00f3n hasta el cierre del proceso.<\/p>\n<p>Cabe se\u00f1alar que al inscribir al ni\u00f1o o ni\u00f1a, los padres y apoderados podr\u00e1n conocer el Proyecto Educativo Institucional (PEI) de cada jard\u00edn infantil y sala cuna, su sello pedag\u00f3gico, horarios de atenci\u00f3n, lugar de ubicaci\u00f3n, estado del Reconocimiento Oficial, entre otros aspectos.<\/p>\n<p>Para dudas y consultas, los padres y apoderados pueden contactarse con Fundaci\u00f3n Integra al 800 540 011 o al sistema Atenci\u00f3n y Solicitudes Integra (ASI).<\/p>\n","protected":false},"excerpt":{"rendered":"<p>Por primera vez en la instituci\u00f3n el proceso se llevar\u00e1 a cabo de manera online en la campa\u00f1a \u201cPostula a un mejor futuro\u201d, con la&hellip; <\/p>\n","protected":false},"author":2,"featured_media":22126,"comment_status":"open","ping_status":"closed","sticky":false,"template":"","format":"standard","meta":{"footnotes":""},"categories":[7],"tags":[],"class_list":["post-34828","post","type-post","status-publish","format-standard","has-post-thumbnail","hentry","category-atacama"],"_links":{"self":[{"href":"https:\/\/www.radioamigavallenar.cl\/index.php?rest_route=\/wp\/v2\/posts\/34828","targetHints":{"allow":["GET"]}}],"collection":[{"href":"https:\/\/www.radioamigavallenar.cl\/index.php?rest_route=\/wp\/v2\/posts"}],"about":[{"href":"https:\/\/www.radioamigavallenar.cl\/index.php?rest_route=\/wp\/v2\/types\/post"}],"author":[{"embeddable":true,"href":"https:\/\/www.radioamigavallenar.cl\/index.php?rest_route=\/wp\/v2\/users\/2"}],"replies":[{"embeddable":true,"href":"https:\/\/www.radioamigavallenar.cl\/index.php?rest_route=%2Fwp%2Fv2%2Fcomments&post=34828"}],"version-history":[{"count":1,"href":"https:\/\/www.radioamigavallenar.cl\/index.php?rest_route=\/wp\/v2\/posts\/34828\/revisions"}],"predecessor-version":[{"id":34829,"href":"https:\/\/www.radioamigavallenar.cl\/index.php?rest_route=\/wp\/v2\/posts\/34828\/revisions\/34829"}],"wp:featuredmedia":[{"embeddable":true,"href":"https:\/\/www.radioamigavallenar.cl\/index.php?rest_route=\/wp\/v2\/media\/22126"}],"wp:attachment":[{"href":"https:\/\/www.radioamigavallenar.cl\/index.php?rest_route=%2Fwp%2Fv2%2Fmedia&parent=34828"}],"wp:term":[{"taxonomy":"category","embeddable":true,"href":"https:\/\/www.radioamigavallenar.cl\/index.php?rest_route=%2Fwp%2Fv2%2Fcategories&post=34828"},{"taxonomy":"post_tag","embeddable":true,"href":"https:\/\/www.radioamigavallenar.cl\/index.php?rest_route=%2Fwp%2Fv2%2Ftags&post=34828"}],"curies":[{"name":"wp","href":"https:\/\/api.w.org\/{rel}","templated":true}]}}