{"id":34826,"date":"2021-01-18T09:57:46","date_gmt":"2021-01-18T12:57:46","guid":{"rendered":"https:\/\/www.radioamigavallenar.cl\/?p=34826"},"modified":"2021-01-18T09:57:46","modified_gmt":"2021-01-18T12:57:46","slug":"vocero-regional-s-de-gobierno-valoro-la-pronta-llegada-de-vacunas-para-la-region-de-atacama","status":"publish","type":"post","link":"https:\/\/www.radioamigavallenar.cl\/?p=34826","title":{"rendered":"Vocero regional (S) de Gobierno valor\u00f3 la pronta llegada de vacunas para la regi\u00f3n de Atacama"},"content":{"rendered":"<p><strong>El objetivo del Gobierno es vacunar al grueso de la poblaci\u00f3n cr\u00edtica, la poblaci\u00f3n de m\u00e1s riesgo, unos 5 millones de personas, durante el primer trimestre y poder vacunar al grueso de la poblaci\u00f3n objetivo, unos 15 millones de personas, durante el primer semestre.<\/strong><span id=\"more-132941\"><\/span><\/p>\n<p>Tras el anuncio del Jefe de Estado, referente a la llegada de 88.725 nuevas vacunas Pfizer-BioNTech a Chile, el vocero (S) regional de Gobierno, Manuel Nanjar\u00ed Contreras, valor\u00f3 la gesti\u00f3n realizada por el Ejecutivo en considerar vacunas para la regi\u00f3n de Atacama y que, durante la pr\u00f3xima semana, en su primera etapa, llegar\u00e1n m\u00e1s de 4.400 dosis destinadas a los funcionarios de salud.<\/p>\n<p>El Gobierno anunci\u00f3 que a partir de fines de enero, todas las semanas comenzar\u00e1n a llegar cargamentos de 170 mil nuevas dosis de Pfizer-BioNTech a Chile. De igual manera, se espera la llegada de 10 millones de dosis Sinovac durante el primer trimestre.<\/p>\n<p>En este marco, el Seremi (S) de Gobierno explic\u00f3 que \u201cla llegada de las vacunas a la regi\u00f3n es una noticia que nos debe llenar de esperanza, por cierto, para seguir combatiendo entre todos y todas a este enemigo com\u00fan denominado Coronavirus.\u00a0 Tal como lo ha expresado nuestro Presidente Sebasti\u00e1n Pi\u00f1era, los atacame\u00f1os y atacame\u00f1as deben tener claro que hoy d\u00eda m\u00e1s all\u00e1 de la vacuna, nuestra verdadera protecci\u00f3n contra el Coronavirus es el autocuidado, ser responsables y cumplir con las indicaciones de la autoridad sanitaria\u201d.<\/p>\n<p>\u201cEsta semana lleg\u00f3 al pa\u00eds un tercer cargamento de vacunas y eso es gracias a la gesti\u00f3n de nuestro Presidente Sebasti\u00e1n Pi\u00f1era y particularmente desde all\u00ed se han destinado vacunas para nuestra regi\u00f3n. Con este cargamento se podr\u00e1 vacunar a todo el personal de Salud que est\u00e1 atendiendo a pacientes cr\u00edticos y comenzar\u00e1 la inoculaci\u00f3n de los adultos mayores. En concreto, vamos avanzando para que la vacuna llegue a todos nuestros compatriotas\u201d, argument\u00f3 Nanjar\u00ed Contreras .<\/p>\n<p>El objetivo del Gobierno es vacunar al grueso de la poblaci\u00f3n cr\u00edtica, la poblaci\u00f3n de m\u00e1s riesgo, unos 5 millones de personas, durante el primer trimestre y poder vacunar al grueso de la poblaci\u00f3n objetivo, unos 15 millones de personas, durante el primer semestre.<\/p>\n<p>Este tercer embarque permitir\u00e1 al Gobierno llegar a todas las regiones de Chile. Quedaban 7 regiones pendientes; que eran Arica y Parinacota, Antofagasta, Atacama, Coquimbo, O\u2019Higgins, \u00d1uble y Ays\u00e9n; y ahora podr\u00e1n todas recibir las vacunas.<\/p>\n<p>Para concluir, el Seremi (S) de Gobierno insisti\u00f3 e hizo un llamado a la ciudadan\u00eda para que no olvide \u201clavar sus manos con frecuencia, mantener la distancia f\u00edsica, usar la mascarilla y ser responsable con la salud de cada uno y con la de los dem\u00e1s. No podemos relajarnos y tampoco bajar los brazos, necesitamos del compromiso, responsabilidad y apoyo de todos y todas para combatir la pandemia de la Covid\u201d<\/p>\n<p>\u201cSabemos que esto es una luz de esperanza, pero debemos seguir cuid\u00e1ndonos. Las vacunas van a continuar, pero van a continuar progresivamente. Hoy la mejor vacuna son las medidas de autocuidado. Recordar a la ciudadan\u00eda que las vacunas son gratuitas y voluntarias, pero cuando llegue nuestro momento debemos vacunarnos, es un acto de solidaridad y generosidad con nuestros compatriotas y seres queridos que han sufrido bastante\u201d, concluy\u00f3 la autoridad.<\/p>\n","protected":false},"excerpt":{"rendered":"<p>El objetivo del Gobierno es vacunar al grueso de la poblaci\u00f3n cr\u00edtica, la poblaci\u00f3n de m\u00e1s riesgo, unos 5 millones de personas, durante el primer&hellip; <\/p>\n","protected":false},"author":2,"featured_media":34640,"comment_status":"open","ping_status":"closed","sticky":false,"template":"","format":"standard","meta":{"footnotes":""},"categories":[7],"tags":[],"class_list":["post-34826","post","type-post","status-publish","format-standard","has-post-thumbnail","hentry","category-atacama"],"_links":{"self":[{"href":"https:\/\/www.radioamigavallenar.cl\/index.php?rest_route=\/wp\/v2\/posts\/34826","targetHints":{"allow":["GET"]}}],"collection":[{"href":"https:\/\/www.radioamigavallenar.cl\/index.php?rest_route=\/wp\/v2\/posts"}],"about":[{"href":"https:\/\/www.radioamigavallenar.cl\/index.php?rest_route=\/wp\/v2\/types\/post"}],"author":[{"embeddable":true,"href":"https:\/\/www.radioamigavallenar.cl\/index.php?rest_route=\/wp\/v2\/users\/2"}],"replies":[{"embeddable":true,"href":"https:\/\/www.radioamigavallenar.cl\/index.php?rest_route=%2Fwp%2Fv2%2Fcomments&post=34826"}],"version-history":[{"count":1,"href":"https:\/\/www.radioamigavallenar.cl\/index.php?rest_route=\/wp\/v2\/posts\/34826\/revisions"}],"predecessor-version":[{"id":34827,"href":"https:\/\/www.radioamigavallenar.cl\/index.php?rest_route=\/wp\/v2\/posts\/34826\/revisions\/34827"}],"wp:featuredmedia":[{"embeddable":true,"href":"https:\/\/www.radioamigavallenar.cl\/index.php?rest_route=\/wp\/v2\/media\/34640"}],"wp:attachment":[{"href":"https:\/\/www.radioamigavallenar.cl\/index.php?rest_route=%2Fwp%2Fv2%2Fmedia&parent=34826"}],"wp:term":[{"taxonomy":"category","embeddable":true,"href":"https:\/\/www.radioamigavallenar.cl\/index.php?rest_route=%2Fwp%2Fv2%2Fcategories&post=34826"},{"taxonomy":"post_tag","embeddable":true,"href":"https:\/\/www.radioamigavallenar.cl\/index.php?rest_route=%2Fwp%2Fv2%2Ftags&post=34826"}],"curies":[{"name":"wp","href":"https:\/\/api.w.org\/{rel}","templated":true}]}}