{"id":34823,"date":"2021-01-18T09:56:40","date_gmt":"2021-01-18T12:56:40","guid":{"rendered":"https:\/\/www.radioamigavallenar.cl\/?p=34823"},"modified":"2021-01-18T09:56:40","modified_gmt":"2021-01-18T12:56:40","slug":"nueva-directiva-del-consejo-regional-de-atacama-entrega-lineamientos-de-trabajo-2020-2022","status":"publish","type":"post","link":"https:\/\/www.radioamigavallenar.cl\/?p=34823","title":{"rendered":"Nueva directiva del Consejo Regional de Atacama entrega lineamientos de trabajo 2020-2022"},"content":{"rendered":"<p>Con un importante n\u00famero de asistentes se realiz\u00f3 la primera Asamblea Ordinaria del Consejo Regional del Colegio de Periodistas.\u00a0 De esta forma, socios y socias, pudieron interiorizarse de los lineamientos de trabajo para el nuevo periodo, donde se pretende instalar como eje central la unidad del gremio y el fortalecimiento de las comunicaciones desde los distintos \u00e1mbitos de trabajo.<\/p>\n<p>Marcela Toro Gonz\u00e1lez, quien asumi\u00f3 la presidencia del gremio en Atacama se\u00f1al\u00f3 que \u201csi bien nuestro \u00f3rgano colegiado se ha mantenido activo hace a\u00f1os, siento que en nuestra regi\u00f3n hemos perdido el trabajo colaborativo que antes exist\u00eda y esa es una tarea que nos hemos propuesto, retomar la unidad por sobre las diferencias, donde tambi\u00e9n es sano que existan. Queremos reforzar las comunicaciones desde los distintos frentes, porque sabemos que es fundamental que la comunidad est\u00e9 informada y para eso el compromiso del gremio es que nuestros profesionales den a conocer las informaciones de forma completa, sin sesgos y con objetividad\u201d.<\/p>\n<p>En la asamblea se despidi\u00f3 la directiva que trabaj\u00f3 en el periodo 2018- 2020, quienes manifestaron su apoyo a la directiva entrante y comprometieron un trabajo conjunto en esta nueva gesti\u00f3n. Asimismo, se presentaron algunos coordinadores de las comisiones que son parte del Consejo Regional del Colegio de Periodistas en Atacama.<\/p>\n<p>La presidenta del gremio en Atacama indic\u00f3 adem\u00e1s que \u201cbuscamos que nuestro colegio se acerque a la comunidad en general, por ello vamos a estar presente en las tres provincias, por lo mismo dos integrantes de nuestra directiva viven en Vallenar, desde donde podr\u00e1n aportan tambi\u00e9n al trabajo local que buscamos realizar con los y las colegas. Misma labor que replicaremos en la Provincia de Cha\u00f1aral\u201d.<\/p>\n<p>Agregando que para concretar el inicio del trabajo de la nueva directiva se hizo el traspaso de la sede gremial, donde se quiere generar espacios de integraci\u00f3n y trabajo de puertas abiertas, sobre todo en una situaci\u00f3n social que obliga a ser responsables y comprometidos con la profesi\u00f3n y la sociedad.<\/p>\n","protected":false},"excerpt":{"rendered":"<p>Con un importante n\u00famero de asistentes se realiz\u00f3 la primera Asamblea Ordinaria del Consejo Regional del Colegio de Periodistas.\u00a0 De esta forma, socios y socias,&hellip; <\/p>\n","protected":false},"author":2,"featured_media":0,"comment_status":"open","ping_status":"closed","sticky":false,"template":"","format":"standard","meta":{"footnotes":""},"categories":[7],"tags":[],"class_list":["post-34823","post","type-post","status-publish","format-standard","hentry","category-atacama"],"_links":{"self":[{"href":"https:\/\/www.radioamigavallenar.cl\/index.php?rest_route=\/wp\/v2\/posts\/34823","targetHints":{"allow":["GET"]}}],"collection":[{"href":"https:\/\/www.radioamigavallenar.cl\/index.php?rest_route=\/wp\/v2\/posts"}],"about":[{"href":"https:\/\/www.radioamigavallenar.cl\/index.php?rest_route=\/wp\/v2\/types\/post"}],"author":[{"embeddable":true,"href":"https:\/\/www.radioamigavallenar.cl\/index.php?rest_route=\/wp\/v2\/users\/2"}],"replies":[{"embeddable":true,"href":"https:\/\/www.radioamigavallenar.cl\/index.php?rest_route=%2Fwp%2Fv2%2Fcomments&post=34823"}],"version-history":[{"count":1,"href":"https:\/\/www.radioamigavallenar.cl\/index.php?rest_route=\/wp\/v2\/posts\/34823\/revisions"}],"predecessor-version":[{"id":34825,"href":"https:\/\/www.radioamigavallenar.cl\/index.php?rest_route=\/wp\/v2\/posts\/34823\/revisions\/34825"}],"wp:attachment":[{"href":"https:\/\/www.radioamigavallenar.cl\/index.php?rest_route=%2Fwp%2Fv2%2Fmedia&parent=34823"}],"wp:term":[{"taxonomy":"category","embeddable":true,"href":"https:\/\/www.radioamigavallenar.cl\/index.php?rest_route=%2Fwp%2Fv2%2Fcategories&post=34823"},{"taxonomy":"post_tag","embeddable":true,"href":"https:\/\/www.radioamigavallenar.cl\/index.php?rest_route=%2Fwp%2Fv2%2Ftags&post=34823"}],"curies":[{"name":"wp","href":"https:\/\/api.w.org\/{rel}","templated":true}]}}