{"id":34821,"date":"2021-01-16T06:45:17","date_gmt":"2021-01-16T09:45:17","guid":{"rendered":"https:\/\/www.radioamigavallenar.cl\/?p=34821"},"modified":"2021-01-16T10:46:50","modified_gmt":"2021-01-16T13:46:50","slug":"colegio-medico-pide-medidas-mas-restrictivas-antes-de-cuarentena-en-la-region-metropolitana","status":"publish","type":"post","link":"https:\/\/www.radioamigavallenar.cl\/?p=34821","title":{"rendered":"Colegio M\u00e9dico pide \u00abmedidas m\u00e1s restrictivas\u00bb antes de cuarentena en la Regi\u00f3n Metropolitana"},"content":{"rendered":"<p>\u00abLos mensajes que lamentablemente le han llegado a la ciudadan\u00eda han sido bastante contradictorios\u00bb, acus\u00f3 el secretario general del gremio, Jos\u00e9 Miguel Bernucci.<\/p>\n<p>Adem\u00e1s, alent\u00f3 a que se eviten las situaci\u00f3n de aglomeraciones para que la capital no retroceda a fase 1.<\/p>\n<p>El secretario nacional del Colegio M\u00e9dico, el doctor\u00a0<strong>Jos\u00e9 Miguel Bernucci<\/strong>, se refiri\u00f3 a la posibilidad de nuevo confinamiento en la Regi\u00f3n Metropolitana y se\u00f1al\u00f3 que \u00ab<strong>es un poco sin sentido hablar de cuarentena cuando todav\u00eda tenemos los malls y restaurantes abiertos<\/strong>\u00ab.<\/p>\n<p>La posibilidad de un confinamiento en la capital la abri\u00f3 el mismo ministro de Salud, Enrique\u00a0<strong>Paris, quien asegur\u00f3 que existe un rebrote de contagios<\/strong>\u00a0por coronavirus y que\u00a0si la situaci\u00f3n persiste, se deber\u00e1 retroceder a la fase 1.<\/p>\n<p>Bernucci apunt\u00f3 que \u00ab<strong>todav\u00eda tenemos un espacio en la Regi\u00f3n Metropolitana para poder revisar medidas m\u00e1s restrictivas<\/strong>\u00a0antes de la cuarentena\u00bb, pero que, a su juicio, es \u00absin sentido\u00bb hablar de un confinamiento \u00abcuando todav\u00eda tenemos los malls y restaurantes abiertos\u00bb.<\/p>\n<p>\u00abTodav\u00eda podemos ser mucho m\u00e1s restrictivos sin la necesidad de apagar la ciudad con todo lo que significa,\u00a0<strong>suena m\u00e1s l\u00f3gico ir escalando en medidas restrictivas<\/strong>\u00a0y si eso no da respuesta, en alg\u00fan momento tendr\u00e1 que llegar la cuarentena\u00bb, explic\u00f3.<\/p>\n<p>Y agreg\u00f3 que \u00ablos mensajes que lamentablemente le han llegado a la ciudadan\u00eda han sido\u00a0<strong>bastante contradictorios<\/strong>\u00a0y, en ese sentido, es dif\u00edcil poder pedirle algo distinto a las personas si es que el mensaje que nosotros damos no es totalmente claro\u00bb.<\/p>\n<p>Respecto a la situaci\u00f3n del aumento preocupante y paulatino de contagios, el m\u00e9dico sostuvo que\u00a0\u00abestamos en una situaci\u00f3n bastante delicada y que eventualmente\u00a0<strong>podr\u00eda transformarse en una situaci\u00f3n bastante ca\u00f3tica<\/strong>\u00ab.<\/p>\n<p>Sin embargo, valor\u00f3 que el personal de salud ya cuenta con una mayor experiencia que \u00abse fue adquiriendo con los meses de la pandemia, podemos y sabemos atender de mucha mejor forma la cantidad de pacientes cr\u00edticos y no cr\u00edticos que nos est\u00e1n llegando,<strong>\u00a0pero tenemos un desgaste<\/strong>\u00ab.<\/p>\n","protected":false},"excerpt":{"rendered":"<p>\u00abLos mensajes que lamentablemente le han llegado a la ciudadan\u00eda han sido bastante contradictorios\u00bb, acus\u00f3 el secretario general del gremio, Jos\u00e9 Miguel Bernucci. Adem\u00e1s, alent\u00f3&hellip; <\/p>\n","protected":false},"author":2,"featured_media":34033,"comment_status":"open","ping_status":"closed","sticky":false,"template":"","format":"standard","meta":{"footnotes":""},"categories":[37],"tags":[],"class_list":["post-34821","post","type-post","status-publish","format-standard","has-post-thumbnail","hentry","category-nacional"],"_links":{"self":[{"href":"https:\/\/www.radioamigavallenar.cl\/index.php?rest_route=\/wp\/v2\/posts\/34821","targetHints":{"allow":["GET"]}}],"collection":[{"href":"https:\/\/www.radioamigavallenar.cl\/index.php?rest_route=\/wp\/v2\/posts"}],"about":[{"href":"https:\/\/www.radioamigavallenar.cl\/index.php?rest_route=\/wp\/v2\/types\/post"}],"author":[{"embeddable":true,"href":"https:\/\/www.radioamigavallenar.cl\/index.php?rest_route=\/wp\/v2\/users\/2"}],"replies":[{"embeddable":true,"href":"https:\/\/www.radioamigavallenar.cl\/index.php?rest_route=%2Fwp%2Fv2%2Fcomments&post=34821"}],"version-history":[{"count":1,"href":"https:\/\/www.radioamigavallenar.cl\/index.php?rest_route=\/wp\/v2\/posts\/34821\/revisions"}],"predecessor-version":[{"id":34822,"href":"https:\/\/www.radioamigavallenar.cl\/index.php?rest_route=\/wp\/v2\/posts\/34821\/revisions\/34822"}],"wp:featuredmedia":[{"embeddable":true,"href":"https:\/\/www.radioamigavallenar.cl\/index.php?rest_route=\/wp\/v2\/media\/34033"}],"wp:attachment":[{"href":"https:\/\/www.radioamigavallenar.cl\/index.php?rest_route=%2Fwp%2Fv2%2Fmedia&parent=34821"}],"wp:term":[{"taxonomy":"category","embeddable":true,"href":"https:\/\/www.radioamigavallenar.cl\/index.php?rest_route=%2Fwp%2Fv2%2Fcategories&post=34821"},{"taxonomy":"post_tag","embeddable":true,"href":"https:\/\/www.radioamigavallenar.cl\/index.php?rest_route=%2Fwp%2Fv2%2Ftags&post=34821"}],"curies":[{"name":"wp","href":"https:\/\/api.w.org\/{rel}","templated":true}]}}