{"id":34819,"date":"2021-01-16T10:44:33","date_gmt":"2021-01-16T13:44:33","guid":{"rendered":"https:\/\/www.radioamigavallenar.cl\/?p=34819"},"modified":"2021-01-16T10:44:33","modified_gmt":"2021-01-16T13:44:33","slug":"diputado-jaime-mulet-defendio-candidatura-de-adriana-barrientos-contra-ella-hay-machismo-y-discriminacion","status":"publish","type":"post","link":"https:\/\/www.radioamigavallenar.cl\/?p=34819","title":{"rendered":"Diputado Jaime Mulet defendi\u00f3 candidatura de Adriana Barrientos: Contra ella hay machismo y discriminaci\u00f3n"},"content":{"rendered":"<p>\u00abNunca pusieron un veto, de manera que por eso creo que las cr\u00edticas son absolutamente extempor\u00e1neas\u00bb, lament\u00f3 el diputado ante el rechazo del PC a esta opci\u00f3n.<\/p>\n<p>Adem\u00e1s, asegur\u00f3 que \u00abno son efectivas las afirmaciones que hacen sobre que ella es una persona vinculada a la derecha pinochetista\u00bb.<\/p>\n<div class=\"texto-bajada\">\n<div id=\"contenedor-leermas\" class=\"cuerpo-articulo contenedor-leermas\">\n<div id=\"cuerpo-ad\" class=\"cuerpo-ad\">\n<p>El diputado\u00a0<strong>Jaime Mulet<\/strong>, presidenciable y timonel de la Federaci\u00f3n Regionalista Verde Social (FRVS)<strong>, defendi\u00f3 este s\u00e1bado la candidatura de Adriana Barrientos a constituyente<\/strong>\u00a0y asegur\u00f3 que las cr\u00edticas se deben a \u00ab<strong>machismo y disriminaci\u00f3n\u00bb.<\/strong><\/p>\n<p>\u00abMe molesta mucho la cr\u00edtica a Barrientos, creo que hay m\u00e1s bien clasismo, machismo y una cierta discriminaci\u00f3n porque ella trabaj\u00f3 en la far\u00e1ndula. Te podr\u00e1 gustar o no, pero es parte de la realidad y es lo que propone una regi\u00f3n inscrita como la Metropolitana y los sectores populares de donde viene\u00a0<strong>el apoyo hacia ella y el deseo de que est\u00e9 en la Convenci\u00f3n Constitucional\u00bb<\/strong>, indic\u00f3 a\u00a0<strong>Cooperativa<\/strong>\u00a0el parlamentario.<\/p>\n<p>El l\u00edder de la FRVS\u00a0<strong>critic\u00f3 el rechazo del Partido Comunista a la candidatura de la modelo<\/strong>, puntualizando que \u00abfueron extempor\u00e1neas\u00bb y que su nombre estuvo en cada discusi\u00f3n que hubo respecto a la conformaci\u00f3n de la lista para el<strong>\u00a0Distrito 13.<\/strong><\/p>\n<p>\u00abSiempre fue un nombre que estuvo, y\u00a0<strong>si hubieran tenido dificultades con ella, debieron haberlo se\u00f1alado antes.<\/strong>\u00a0Nunca pusieron un veto, de manera que por eso creo que son absolutamente extempor\u00e1neas\u00bb, afirm\u00f3 Mulet.<\/p>\n<p>En la misma l\u00ednea, asegur\u00f3 que\u00a0<strong>\u00abno son efectivas las afirmaciones que hacen sobre que ella es una persona vinculada a la derecha pinochetista<\/strong>\u00a0y cosas de esa naturaleza. Si bien es cierto que hay algunos Twitter que no son del todo felices y que uno podr\u00eda criticarlos, hay un comportamiento claro en lo pol\u00edtico\u00bb.<\/p>\n<p>Finalmente, el precandidato presidencial se\u00f1al\u00f3 que la modelo tiene \u00abuna importante cantidad de chilenos y chilenas, cientos de miles,<strong>\u00a0que la siguen y que escuchan su opini\u00f3n<\/strong>, que de una u otra manera los representa\u00bb.<\/p>\n<p>\u00abNo s\u00f3lo tienen derecho a participar quienes forman parte de la \u00e9lite chilena o de la \u00e9lite pol\u00edtica, sino que creo que est\u00e1 abierto y de alguna manera,\u00a0<strong>la convenci\u00f3n constitucional debe ser un fiel reflejo de todo Chile<\/strong>, no solo un grupo de intelectuales o un grupo de acad\u00e9micos de personas expertas en derecho constitucional\u00bb, sentenci\u00f3 el diputado.<\/p>\n<\/div>\n<p class=\"prompt\">\n<\/div>\n<div class=\"publicidad_dfp deco_98273_dfp\">\n<div class=\"deco_98711_dfp\"><\/div>\n<\/div>\n<\/div>\n","protected":false},"excerpt":{"rendered":"<p>\u00abNunca pusieron un veto, de manera que por eso creo que las cr\u00edticas son absolutamente extempor\u00e1neas\u00bb, lament\u00f3 el diputado ante el rechazo del PC a&hellip; <\/p>\n","protected":false},"author":2,"featured_media":27952,"comment_status":"open","ping_status":"closed","sticky":false,"template":"","format":"standard","meta":{"footnotes":""},"categories":[37],"tags":[],"class_list":["post-34819","post","type-post","status-publish","format-standard","has-post-thumbnail","hentry","category-nacional"],"_links":{"self":[{"href":"https:\/\/www.radioamigavallenar.cl\/index.php?rest_route=\/wp\/v2\/posts\/34819","targetHints":{"allow":["GET"]}}],"collection":[{"href":"https:\/\/www.radioamigavallenar.cl\/index.php?rest_route=\/wp\/v2\/posts"}],"about":[{"href":"https:\/\/www.radioamigavallenar.cl\/index.php?rest_route=\/wp\/v2\/types\/post"}],"author":[{"embeddable":true,"href":"https:\/\/www.radioamigavallenar.cl\/index.php?rest_route=\/wp\/v2\/users\/2"}],"replies":[{"embeddable":true,"href":"https:\/\/www.radioamigavallenar.cl\/index.php?rest_route=%2Fwp%2Fv2%2Fcomments&post=34819"}],"version-history":[{"count":1,"href":"https:\/\/www.radioamigavallenar.cl\/index.php?rest_route=\/wp\/v2\/posts\/34819\/revisions"}],"predecessor-version":[{"id":34820,"href":"https:\/\/www.radioamigavallenar.cl\/index.php?rest_route=\/wp\/v2\/posts\/34819\/revisions\/34820"}],"wp:featuredmedia":[{"embeddable":true,"href":"https:\/\/www.radioamigavallenar.cl\/index.php?rest_route=\/wp\/v2\/media\/27952"}],"wp:attachment":[{"href":"https:\/\/www.radioamigavallenar.cl\/index.php?rest_route=%2Fwp%2Fv2%2Fmedia&parent=34819"}],"wp:term":[{"taxonomy":"category","embeddable":true,"href":"https:\/\/www.radioamigavallenar.cl\/index.php?rest_route=%2Fwp%2Fv2%2Fcategories&post=34819"},{"taxonomy":"post_tag","embeddable":true,"href":"https:\/\/www.radioamigavallenar.cl\/index.php?rest_route=%2Fwp%2Fv2%2Ftags&post=34819"}],"curies":[{"name":"wp","href":"https:\/\/api.w.org\/{rel}","templated":true}]}}