{"id":34816,"date":"2021-01-16T10:42:20","date_gmt":"2021-01-16T13:42:20","guid":{"rendered":"https:\/\/www.radioamigavallenar.cl\/?p=34816"},"modified":"2021-01-16T10:42:20","modified_gmt":"2021-01-16T13:42:20","slug":"el-eventualmente-largo-camino-para-que-la-discusion-sobre-el-aborto-llegue-a-la-sala-de-la-camara","status":"publish","type":"post","link":"https:\/\/www.radioamigavallenar.cl\/?p=34816","title":{"rendered":"El eventualmente largo camino para que la discusi\u00f3n sobre el aborto llegue a la Sala de la C\u00e1mara"},"content":{"rendered":"<p>Con Argentina de fondo, tras la aprobaci\u00f3n de la ley que permite el aborto hasta las 14 semanas de gestaci\u00f3n y que entr\u00f3 en vigor el jueves,\u00a0<strong>en Chile se inici\u00f3 esta semana la discusi\u00f3n<\/strong>\u00a0en la Comisi\u00f3n de Mujer y Equidad de G\u00e9nero de la C\u00e1mara de un proyecto que apunta a los mismos t\u00e9rminos.<\/p>\n<p>Se trata de una iniciativa que fue\u00a0<strong>ingresada en 2018<\/strong>\u00a0por un grupo de parlamentarias y que hoy vuelve a generar debate luego de la legalizaci\u00f3n de esta pr\u00e1ctica allende los Andes.<\/p>\n<p>No obstante, el camino para que la idea zanje su primer tr\u00e1mite constitucional\u00a0<strong>puede que tome m\u00e1s tiempo del pensado<\/strong>.<\/p>\n<p>Tras su primera sesi\u00f3n en la materia, la comisi\u00f3n en cuesti\u00f3n acord\u00f3 una semana para que los parlamentarios\u00a0<strong>inviten a organizaciones sociales<\/strong>\u00a0que quieran participar del debate.<\/p>\n<p>As\u00ed,\u00a0<strong>se fij\u00f3 un calendario de sesiones<\/strong>\u00a0dividido entre las pa\u00f1oletas verdes, que est\u00e1n por el aborto; y las azules, que rechazan la iniciativa.<\/p>\n<p>De todas formas,\u00a0<strong>se trata del primer paso<\/strong>\u00a0antes que la iniciativa pueda avanzar hacia la Sala.<\/p>\n<p>Seg\u00fan la acad\u00e9mica e investigadora de la Facultad de Derecho de la Universidad Finis Terrae, Javiera Corval\u00e1n, el proceso podr\u00eda demorarse tomando en cuenta la falta de acuerdos.<\/p>\n<p>\u201cFaltan todav\u00eda muchos pasos y est\u00e1 por verse por qu\u00e9 otras comisiones del Congreso va a pasar. Al menos lo que yo esperar\u00eda es que pasara m\u00ednimo por Salud y Constitucional\u201d, dijo.<\/p>\n<p>\u201cEso al final lo que determina es que esto se trata no solamente de un tema de autonom\u00eda de la mujer, que es el enfoque que se est\u00e1 dando en Equidad de G\u00e9nero, sino que tambi\u00e9n es un tema de si debe ser o no despenalizado\u201d, explic\u00f3.<\/p>\n<p>Y aunque\u00a0<strong>a\u00fan falta la votaci\u00f3n general, la discusi\u00f3n y votaci\u00f3n en particular<\/strong>\u00a0para que este proyecto vea su primera luz, para la diputada frenteamplista Maite Orsini todo radica en los acuerdos que se logren generar dentro de la comisi\u00f3n para evitar pasar a otras instancias.<\/p>\n<p><strong>\u201cEspero que en la Comisi\u00f3n de Mujer podamos dar un ejemplo<\/strong>\u00a0al resto de las comisiones de c\u00f3mo tratar una tem\u00e1tica que es tan controversial y tan dif\u00edcil para todas las que estamos ah\u00ed, pero en un ambiente de fraternidad\u201d, se\u00f1al\u00f3.<\/p>\n<p>La fraternidad va a tener que verse y lograrse este mi\u00e9rcoles, d\u00eda que fue elegido para las sesiones para trabajar en el proyecto de ley que\u00a0<strong>modifica el C\u00f3digo Penal y busca despenalizar el aborto consentido<\/strong>\u00a0por la mujer dentro de las primeras catorce semanas de gestaci\u00f3n.<\/p>\n","protected":false},"excerpt":{"rendered":"<p>Con Argentina de fondo, tras la aprobaci\u00f3n de la ley que permite el aborto hasta las 14 semanas de gestaci\u00f3n y que entr\u00f3 en vigor&hellip; <\/p>\n","protected":false},"author":2,"featured_media":0,"comment_status":"open","ping_status":"closed","sticky":false,"template":"","format":"standard","meta":{"footnotes":""},"categories":[37],"tags":[],"class_list":["post-34816","post","type-post","status-publish","format-standard","hentry","category-nacional"],"_links":{"self":[{"href":"https:\/\/www.radioamigavallenar.cl\/index.php?rest_route=\/wp\/v2\/posts\/34816","targetHints":{"allow":["GET"]}}],"collection":[{"href":"https:\/\/www.radioamigavallenar.cl\/index.php?rest_route=\/wp\/v2\/posts"}],"about":[{"href":"https:\/\/www.radioamigavallenar.cl\/index.php?rest_route=\/wp\/v2\/types\/post"}],"author":[{"embeddable":true,"href":"https:\/\/www.radioamigavallenar.cl\/index.php?rest_route=\/wp\/v2\/users\/2"}],"replies":[{"embeddable":true,"href":"https:\/\/www.radioamigavallenar.cl\/index.php?rest_route=%2Fwp%2Fv2%2Fcomments&post=34816"}],"version-history":[{"count":1,"href":"https:\/\/www.radioamigavallenar.cl\/index.php?rest_route=\/wp\/v2\/posts\/34816\/revisions"}],"predecessor-version":[{"id":34818,"href":"https:\/\/www.radioamigavallenar.cl\/index.php?rest_route=\/wp\/v2\/posts\/34816\/revisions\/34818"}],"wp:attachment":[{"href":"https:\/\/www.radioamigavallenar.cl\/index.php?rest_route=%2Fwp%2Fv2%2Fmedia&parent=34816"}],"wp:term":[{"taxonomy":"category","embeddable":true,"href":"https:\/\/www.radioamigavallenar.cl\/index.php?rest_route=%2Fwp%2Fv2%2Fcategories&post=34816"},{"taxonomy":"post_tag","embeddable":true,"href":"https:\/\/www.radioamigavallenar.cl\/index.php?rest_route=%2Fwp%2Fv2%2Ftags&post=34816"}],"curies":[{"name":"wp","href":"https:\/\/api.w.org\/{rel}","templated":true}]}}