{"id":34813,"date":"2021-01-16T10:23:27","date_gmt":"2021-01-16T13:23:27","guid":{"rendered":"https:\/\/www.radioamigavallenar.cl\/?p=34813"},"modified":"2021-01-16T10:23:27","modified_gmt":"2021-01-16T13:23:27","slug":"las-residencias-sanitarias-alcanzan-su-peak-hay-6-372-personas-en-ellas-a-lo-largo-de-chile","status":"publish","type":"post","link":"https:\/\/www.radioamigavallenar.cl\/?p=34813","title":{"rendered":"Las Residencias Sanitarias alcanzan su peak: hay 6.372 personas en ellas a lo largo de Chile"},"content":{"rendered":"<p>El Ministerio de Salud inform\u00f3 que hoy hay\u00a0<strong>147 Residencias Sanitarias<\/strong>\u00a0en todo el pa\u00eds y\u00a0<strong>6.372 usuarios hospedados en ellas<\/strong>.<\/p>\n<p>De esta forma, desde la creaci\u00f3n de Residencias Sanitarias a finales de marzo, se llega\u00a0<strong>al n\u00famero m\u00e1s alto de ocupaci\u00f3n real<\/strong>\u00a0de todo el pa\u00eds, quedando un total de\u00a0<strong>2.137 camas disponibles y superando el peak alcanzado a comienzos de octubre.<\/strong><\/p>\n<p>\u201cCabe precisar que se habla de camas disponibles porque puede ocurrir que una habitaci\u00f3n cuente con dos camas, pero se utilice s\u00f3lo unas por pieza. Por este motivo, la otra cama queda bloqueada para su uso\u201d, indic\u00f3 el Minsal.<\/p>\n<p>Camila Gotelli encargada de Residencias Sanitarias, coment\u00f3 por su parte que est\u00e1n \u201cmuy contentos de que las personas est\u00e9n solicitando cada vez m\u00e1s un\u00a0<strong>lugar seguro para poder aislarse<\/strong>\u00a0y as\u00ed poder evitar el contagio entre sus m\u00e1s cercanos\u201d.<\/p>\n<p>Gotelli a\u00f1adi\u00f3 que las personas \u201cagradecen un lugar confortable, gratuito y en donde un equipo de salud y asistencia de nutrici\u00f3n y sic\u00f3logo est\u00e1n pendientes durante su estad\u00eda\u201d.<\/p>\n<p>Dado la demanda, se han habilitado nueve Residencias Sanitarias en todo el pa\u00eds: 2 en la regi\u00f3n de Antofagasta, 1 en la regi\u00f3n de Coquimbo, 1 en Valpara\u00edso, 3 en la regi\u00f3n Metropolitana, 1 en la regi\u00f3n de O\u2019Higgins y otra en la regi\u00f3n de Los R\u00edos.<\/p>\n<p>Quienes no cuenten con las condiciones para realizar un aislamiento seguro, es decir, no tengan ba\u00f1o y habitaci\u00f3n propia, ventilaci\u00f3n adecuada, falta de red de apoyo en domicilio y sean contacto estrecho, sospecha, probable, en espera de resultado o positivos para coronavirus;\u00a0<strong>pueden solicitar su ingreso a una de las Residencias Sanitarias de la regi\u00f3n a la que corresponden llamando al 800 726 666.<\/strong><\/p>\n<p>\u201cLa estad\u00eda y traslado son\u00a0<strong>absolutamente gratuitos<\/strong>\u00a0para quienes lo requieran y cumplan los criterios de ingreso, es por esto que hacemos un llamado a la poblaci\u00f3n a aislarse oportunamente en una Residencia Sanitaria donde contar\u00e1n con todas las comodidades necesarias, adem\u00e1s de control y monitorizaci\u00f3n de signos vitales, evaluaci\u00f3n m\u00e9dica, de nutricionista, kinesi\u00f3logos y ayuda sicol\u00f3gica si as\u00ed lo requieren\u201d, destac\u00f3 Gotelli.<\/p>\n","protected":false},"excerpt":{"rendered":"<p>El Ministerio de Salud inform\u00f3 que hoy hay\u00a0147 Residencias Sanitarias\u00a0en todo el pa\u00eds y\u00a06.372 usuarios hospedados en ellas. De esta forma, desde la creaci\u00f3n de&hellip; <\/p>\n","protected":false},"author":2,"featured_media":0,"comment_status":"open","ping_status":"closed","sticky":false,"template":"","format":"standard","meta":{"footnotes":""},"categories":[37],"tags":[],"class_list":["post-34813","post","type-post","status-publish","format-standard","hentry","category-nacional"],"_links":{"self":[{"href":"https:\/\/www.radioamigavallenar.cl\/index.php?rest_route=\/wp\/v2\/posts\/34813","targetHints":{"allow":["GET"]}}],"collection":[{"href":"https:\/\/www.radioamigavallenar.cl\/index.php?rest_route=\/wp\/v2\/posts"}],"about":[{"href":"https:\/\/www.radioamigavallenar.cl\/index.php?rest_route=\/wp\/v2\/types\/post"}],"author":[{"embeddable":true,"href":"https:\/\/www.radioamigavallenar.cl\/index.php?rest_route=\/wp\/v2\/users\/2"}],"replies":[{"embeddable":true,"href":"https:\/\/www.radioamigavallenar.cl\/index.php?rest_route=%2Fwp%2Fv2%2Fcomments&post=34813"}],"version-history":[{"count":1,"href":"https:\/\/www.radioamigavallenar.cl\/index.php?rest_route=\/wp\/v2\/posts\/34813\/revisions"}],"predecessor-version":[{"id":34815,"href":"https:\/\/www.radioamigavallenar.cl\/index.php?rest_route=\/wp\/v2\/posts\/34813\/revisions\/34815"}],"wp:attachment":[{"href":"https:\/\/www.radioamigavallenar.cl\/index.php?rest_route=%2Fwp%2Fv2%2Fmedia&parent=34813"}],"wp:term":[{"taxonomy":"category","embeddable":true,"href":"https:\/\/www.radioamigavallenar.cl\/index.php?rest_route=%2Fwp%2Fv2%2Fcategories&post=34813"},{"taxonomy":"post_tag","embeddable":true,"href":"https:\/\/www.radioamigavallenar.cl\/index.php?rest_route=%2Fwp%2Fv2%2Ftags&post=34813"}],"curies":[{"name":"wp","href":"https:\/\/api.w.org\/{rel}","templated":true}]}}