{"id":34807,"date":"2021-01-16T08:11:55","date_gmt":"2021-01-16T11:11:55","guid":{"rendered":"https:\/\/www.radioamigavallenar.cl\/?p=34807"},"modified":"2021-01-16T10:12:06","modified_gmt":"2021-01-16T13:12:06","slug":"en-prision-preventiva-queda-hombre-que-ataco-a-su-pareja-con-un-arma-blanca-en-copiapo","status":"publish","type":"post","link":"https:\/\/www.radioamigavallenar.cl\/?p=34807","title":{"rendered":"En prisi\u00f3n preventiva queda hombre que atac\u00f3 a su pareja con un arma blanca en Copiap\u00f3"},"content":{"rendered":"<p><strong>Fiscal adjunto de Copiap\u00f3, Ariel Guzm\u00e1n Moya, indic\u00f3 que la v\u00edctima recibi\u00f3 heridas de arma blanca, debiendo ser atendida de urgencia en el Hospital Regional. Diligencias investigativas estuvieron a cargo de la Brigada de Homicidios de la PDI.<\/strong><span id=\"more-132899\"><\/span><\/p>\n<p>Bajo la medida cautelar de prisi\u00f3n preventiva qued\u00f3 un imputado a quien la Fiscal\u00eda de Atacama indaga por su participaci\u00f3n en un delito de femicidio frustrado cometido en contra de su pareja en Copiap\u00f3.<\/p>\n<p>De acuerdo a los hechos argumentados en audiencia por el fiscal Ariel Guzm\u00e1n Moya, la agresi\u00f3n ocurri\u00f3 el pasado lunes cuando luego de una discusi\u00f3n entre el agresor y su pareja, ambos de nacionalidad boliviana, el imputado atac\u00f3 a la mujer con un arma blanca recibiendo ella tres heridas que obligaron a su intervenci\u00f3n de urgencia en el Hospital Regional de Copiap\u00f3.<\/p>\n<p>\u201cA partir de estos hechos, y luego de tomar conocimiento de esta agresi\u00f3n, la Fiscal\u00eda orden\u00f3 inmediatas diligencias a la Brigada de Homicidios de la PDI para establecer las circunstancias de lo ocurrido. Esto de acuerdo a los protocolos institucionales del Ministerio P\u00fablico que establecen actuaciones de persecuci\u00f3n penal prioritarias en casos de violencia de g\u00e9nero\u201d, dijo el fiscal.<\/p>\n<p>Agregando que en la audiencia consigui\u00f3 que el Juez de turno decretara la prisi\u00f3n preventiva del imputado, por considerarlo un peligro para la seguridad de la mujer.<\/p>\n<p>Respecto del caso el comisario F\u00e9lix Vega, jefe subrogante de la Brigada de Homicidios de la PDI explic\u00f3 que el fiscal de turno de Copiap\u00f3, solicit\u00f3 la concurrencia de detectives y peritos de la PDI hasta el Hospital Regional, por el ingreso de dos personas mayores de edad, quienes presentaban heridas cortopunzantes en diversas partes del cuerpo.<\/p>\n<p>\u201cLa mujer manten\u00eda lesiones en la regi\u00f3n abdominal tor\u00e1cica y una herida cortante profunda en su brazo derecho, el hombre presentaba una lesi\u00f3n hipog\u00e1strica. Se realizaron diversas diligencias investigativas, se estableci\u00f3 el sitio del suceso y se encontr\u00f3 el arma utilizada. La mujer, en su declaraci\u00f3n, indic\u00f3 que el imputado se present\u00f3 en su domicilio portando el arma cortopunzante lesion\u00e1ndola de forma inmediata con la intenci\u00f3n de causarle la muerte. La mujer logr\u00f3 huir del lugar siendo auxiliada por vecinos del sector. Mientras que el sujeto al percatarse de la situaci\u00f3n se caus\u00f3 una lesi\u00f3n en la regi\u00f3n abdominal\u201d, dijo.<\/p>\n<p>Por su parte, la directora regional del Servicio Nacional de la Mujer y Equidad de G\u00e9nero, Camila Tapia, manifest\u00f3 que activaron y coordinaron con toda la red del Circuito Intersectorial de Femicidio para brindar todos los apoyos y asesor\u00eda que la v\u00edctima requiera. \u201cAdem\u00e1s junto a nuestra seremi de la Mujer (s), Soledad Lingua, hemos estado al pendiente del estado de salud de ella. La v\u00edctima nos ha conferido patrocinio legal lo que nos permite ser sus abogadas querellantes durante todo el proceso judicial. Queremos se\u00f1alar que si necesitan orientaci\u00f3n en tem\u00e1ticas de violencia contra las mujeres se contacten con nuestro Fono 1455\u201d.<\/p>\n","protected":false},"excerpt":{"rendered":"<p>Fiscal adjunto de Copiap\u00f3, Ariel Guzm\u00e1n Moya, indic\u00f3 que la v\u00edctima recibi\u00f3 heridas de arma blanca, debiendo ser atendida de urgencia en el Hospital Regional.&hellip; <\/p>\n","protected":false},"author":2,"featured_media":22078,"comment_status":"open","ping_status":"closed","sticky":false,"template":"","format":"standard","meta":{"footnotes":""},"categories":[38],"tags":[],"class_list":["post-34807","post","type-post","status-publish","format-standard","has-post-thumbnail","hentry","category-portada-regional"],"_links":{"self":[{"href":"https:\/\/www.radioamigavallenar.cl\/index.php?rest_route=\/wp\/v2\/posts\/34807","targetHints":{"allow":["GET"]}}],"collection":[{"href":"https:\/\/www.radioamigavallenar.cl\/index.php?rest_route=\/wp\/v2\/posts"}],"about":[{"href":"https:\/\/www.radioamigavallenar.cl\/index.php?rest_route=\/wp\/v2\/types\/post"}],"author":[{"embeddable":true,"href":"https:\/\/www.radioamigavallenar.cl\/index.php?rest_route=\/wp\/v2\/users\/2"}],"replies":[{"embeddable":true,"href":"https:\/\/www.radioamigavallenar.cl\/index.php?rest_route=%2Fwp%2Fv2%2Fcomments&post=34807"}],"version-history":[{"count":1,"href":"https:\/\/www.radioamigavallenar.cl\/index.php?rest_route=\/wp\/v2\/posts\/34807\/revisions"}],"predecessor-version":[{"id":34808,"href":"https:\/\/www.radioamigavallenar.cl\/index.php?rest_route=\/wp\/v2\/posts\/34807\/revisions\/34808"}],"wp:featuredmedia":[{"embeddable":true,"href":"https:\/\/www.radioamigavallenar.cl\/index.php?rest_route=\/wp\/v2\/media\/22078"}],"wp:attachment":[{"href":"https:\/\/www.radioamigavallenar.cl\/index.php?rest_route=%2Fwp%2Fv2%2Fmedia&parent=34807"}],"wp:term":[{"taxonomy":"category","embeddable":true,"href":"https:\/\/www.radioamigavallenar.cl\/index.php?rest_route=%2Fwp%2Fv2%2Fcategories&post=34807"},{"taxonomy":"post_tag","embeddable":true,"href":"https:\/\/www.radioamigavallenar.cl\/index.php?rest_route=%2Fwp%2Fv2%2Ftags&post=34807"}],"curies":[{"name":"wp","href":"https:\/\/api.w.org\/{rel}","templated":true}]}}