{"id":34805,"date":"2021-01-16T07:09:49","date_gmt":"2021-01-16T10:09:49","guid":{"rendered":"https:\/\/www.radioamigavallenar.cl\/?p=34805"},"modified":"2021-01-16T10:10:40","modified_gmt":"2021-01-16T13:10:40","slug":"corfo-abre-programas-orientados-para-que-mas-mujeres-se-atrevan-a-innovar","status":"publish","type":"post","link":"https:\/\/www.radioamigavallenar.cl\/?p=34805","title":{"rendered":"Corfo abre programas orientados para que m\u00e1s mujeres se atrevan a innovar"},"content":{"rendered":"<p><strong>Se trata de S\u00famate a Innovar y Crea Valida de R\u00e1pida Implementaci\u00f3n, ambos, con postulaciones abiertas hasta el pr\u00f3ximo 2 de febrero.<\/strong><span id=\"more-132887\"><\/span><\/p>\n<p>Corfo anunci\u00f3 la apertura de dos programas de innovaci\u00f3n orientados a aumentar la participaci\u00f3n de empresarias y emprendedoras en sus convocatorias, esto, como parte de su Estrategia de Equidad de G\u00e9nero, lanzada a fines del a\u00f1o pasado. Se trata del llamado especial para empresas lideradas por mujeres de los instrumentos \u201cS\u00famate a Innovar\u201d y \u201cCrea y Valida de R\u00e1pida Implementaci\u00f3n\u201d.<\/p>\n<p><strong>\u00a0<\/strong>Con\u00a0<strong>\u201cS\u00famate a Innovar Mujeres\u201d,\u00a0<\/strong>Corfo apoyar\u00e1 a empresarias y emprendedoras en el desarrollo de innovaciones que buscan resolver problemas y desaf\u00edos de productividad y\/o competitividad, a trav\u00e9s de la vinculaci\u00f3n con entidades colaboradoras. Los proyectos ganadores acceder\u00e1n a un subsidio m\u00e1ximo de hasta $11.250.000, pero con un porcentaje de cofinanciamiento seg\u00fan tama\u00f1o de empresa: hasta 50% grandes, 80% medianas y 90% a micro y peque\u00f1as.<\/p>\n<p>En tanto,\u00a0<strong>\u201cCrea y Valida de R\u00e1pida Implementaci\u00f3n Mujeres\u201d,<\/strong>\u00a0est\u00e1 orientado a apoyar a empresas lideradas por mujeres en el desarrollo de nuevos o mejorados productos, procesos y\/o servicios de base tecnol\u00f3gica, desde su etapa de prototipo hasta su validaci\u00f3n t\u00e9cnica industrial y\/o comercial. El subsidio m\u00e1ximo que entrega son $35.000.000, con un cofinanciamiento tambi\u00e9n diferenciado seg\u00fan tama\u00f1o de empresa: hasta 45% grandes, 60%\u00a0 medianas y 80% micro y peque\u00f1as.<\/p>\n<p><strong>\u00a0<\/strong>Las postulaciones de ambos programas de innovaci\u00f3n estar\u00e1n abiertas hasta el\u00a0<strong>2 de febrero de 2021.\u00a0<\/strong>Para postular y acceder a mayor informaci\u00f3n de la convocatoria visitar\u00a0<a href=\"http:\/\/www.corfo.cl\/\">www.corfo.cl<\/a><\/p>\n","protected":false},"excerpt":{"rendered":"<p>Se trata de S\u00famate a Innovar y Crea Valida de R\u00e1pida Implementaci\u00f3n, ambos, con postulaciones abiertas hasta el pr\u00f3ximo 2 de febrero. Corfo anunci\u00f3 la&hellip; <\/p>\n","protected":false},"author":2,"featured_media":26311,"comment_status":"open","ping_status":"closed","sticky":false,"template":"","format":"standard","meta":{"footnotes":""},"categories":[38],"tags":[],"class_list":["post-34805","post","type-post","status-publish","format-standard","has-post-thumbnail","hentry","category-portada-regional"],"_links":{"self":[{"href":"https:\/\/www.radioamigavallenar.cl\/index.php?rest_route=\/wp\/v2\/posts\/34805","targetHints":{"allow":["GET"]}}],"collection":[{"href":"https:\/\/www.radioamigavallenar.cl\/index.php?rest_route=\/wp\/v2\/posts"}],"about":[{"href":"https:\/\/www.radioamigavallenar.cl\/index.php?rest_route=\/wp\/v2\/types\/post"}],"author":[{"embeddable":true,"href":"https:\/\/www.radioamigavallenar.cl\/index.php?rest_route=\/wp\/v2\/users\/2"}],"replies":[{"embeddable":true,"href":"https:\/\/www.radioamigavallenar.cl\/index.php?rest_route=%2Fwp%2Fv2%2Fcomments&post=34805"}],"version-history":[{"count":1,"href":"https:\/\/www.radioamigavallenar.cl\/index.php?rest_route=\/wp\/v2\/posts\/34805\/revisions"}],"predecessor-version":[{"id":34806,"href":"https:\/\/www.radioamigavallenar.cl\/index.php?rest_route=\/wp\/v2\/posts\/34805\/revisions\/34806"}],"wp:featuredmedia":[{"embeddable":true,"href":"https:\/\/www.radioamigavallenar.cl\/index.php?rest_route=\/wp\/v2\/media\/26311"}],"wp:attachment":[{"href":"https:\/\/www.radioamigavallenar.cl\/index.php?rest_route=%2Fwp%2Fv2%2Fmedia&parent=34805"}],"wp:term":[{"taxonomy":"category","embeddable":true,"href":"https:\/\/www.radioamigavallenar.cl\/index.php?rest_route=%2Fwp%2Fv2%2Fcategories&post=34805"},{"taxonomy":"post_tag","embeddable":true,"href":"https:\/\/www.radioamigavallenar.cl\/index.php?rest_route=%2Fwp%2Fv2%2Ftags&post=34805"}],"curies":[{"name":"wp","href":"https:\/\/api.w.org\/{rel}","templated":true}]}}