{"id":34803,"date":"2021-01-16T06:07:51","date_gmt":"2021-01-16T09:07:51","guid":{"rendered":"https:\/\/www.radioamigavallenar.cl\/?p=34803"},"modified":"2021-01-16T10:08:45","modified_gmt":"2021-01-16T13:08:45","slug":"corte-rechazo-recurso-de-8-excarabineros-dados-de-baja-por-mala-conducta-en-copiapo","status":"publish","type":"post","link":"https:\/\/www.radioamigavallenar.cl\/?p=34803","title":{"rendered":"Corte rechaz\u00f3 recurso de 8 excarabineros dados de baja por mala conducta en Copiap\u00f3"},"content":{"rendered":"<p class=\"v1MsoNormal\"><strong><span lang=\"ES\">La Corte de Apelaciones de Copiap\u00f3 rechaz\u00f3 el recurso de protecci\u00f3n presentado en contra de la resoluci\u00f3n exenta, dictada por el jefe de la III Zona de Carabineros, que dispuso la baja condicional por mala conducta, de los ocho funcionarios recurrentes.<\/span><\/strong><span id=\"more-132896\"><\/span><\/p>\n<p class=\"v1MsoNormal\"><span lang=\"ES\">En fallo un\u00e1nime (causa rol 339-2020 y acumuladas), la Primera Sala del tribunal de alzada \u2013integrada por los ministros A\u00edda Osses, Pablo Krumm y Juan Antonio Poblete\u2013 no dio lugar a la acci\u00f3n deducida, tras establecer que la autoridad recurrida actu\u00f3 dentro de sus atribuciones y que la baja de las filas de Carabineros est\u00e1 condicionada al resultado del proceso disciplinario en curso.<\/span><\/p>\n<p class=\"v1MsoNormal\"><span lang=\"ES\">\u201c(\u2026) la medida disciplinaria de baja por mala conducta adoptada respecto de los afectados, en tiempo inmediato a la verificaci\u00f3n de la conducta, y que reviste, en todo caso, el car\u00e1cter de temporal y revocable en raz\u00f3n del m\u00e9rito y resultado del procedimiento administrativo, lo ha sido de acuerdo a la normativa establecida en el art\u00edculo 127 N\u00b0 4 inciso quinto del Reglamento de Selecci\u00f3n y Ascensos del Personal de Carabineros N\u00b0 8, actuando la autoridad recurrida dentro de sus atribuciones, y fundando suficientemente su decisi\u00f3n, no obstante no haber sido esto \u00faltimo objeto de reclamo\u201d, establece el fallo.<\/span><\/p>\n<p class=\"v1MsoNormal\"><span lang=\"ES\">\u201c(\u2026) la resoluci\u00f3n que dispone la baja de las filas de Carabineros, est\u00e1 condicionada, tal como se ha venido se\u00f1alando, al resultado del proceso disciplinario, por lo que en el evento que la sanci\u00f3n final sea una diversa a la de eliminaci\u00f3n, el efecto de ello ser\u00e1 la reincorporaci\u00f3n a la Instituci\u00f3n y el pago de las remuneraciones que debieron ser percibidas en el tiempo intermedio, compens\u00e1ndose con ello la p\u00e9rdida de dichas remuneraciones durante la tramitaci\u00f3n de la investigaci\u00f3n sumaria, cuesti\u00f3n que por lo dem\u00e1s es reconocida por la recurrida al evacuar su informe \u2013p\u00e1rrafo 4.11 en el caso de los Roles 339-2020 y 347-2020; y p\u00e1rrafo 5.11 en el caso del Rol 380- 2020)\u201d, a\u00f1ade.<\/span><\/p>\n<p class=\"v1MsoNormal\"><span lang=\"ES\">Para la Corte de Copiap\u00f3: \u201cAs\u00ed las cosas, no habi\u00e9ndose acreditado una acci\u00f3n arbitraria o ilegal alguna por parte de la recurrida, que hagan necesaria la adopci\u00f3n de medidas para restablecer el imperio del Derecho y el ejercicio pleno de la garant\u00eda que se estima conculcada en las acciones deducidas \u2013el derecho de propiedad\u2013, no concurriendo los supuestos de la acci\u00f3n constitucional propuesta, las protecciones impetradas habr\u00e1n de ser rechazadas por dichas consideraciones\u201d.<\/span><\/p>\n","protected":false},"excerpt":{"rendered":"<p>La Corte de Apelaciones de Copiap\u00f3 rechaz\u00f3 el recurso de protecci\u00f3n presentado en contra de la resoluci\u00f3n exenta, dictada por el jefe de la III&hellip; <\/p>\n","protected":false},"author":2,"featured_media":24808,"comment_status":"open","ping_status":"closed","sticky":false,"template":"","format":"standard","meta":{"footnotes":""},"categories":[38],"tags":[],"class_list":["post-34803","post","type-post","status-publish","format-standard","has-post-thumbnail","hentry","category-portada-regional"],"_links":{"self":[{"href":"https:\/\/www.radioamigavallenar.cl\/index.php?rest_route=\/wp\/v2\/posts\/34803","targetHints":{"allow":["GET"]}}],"collection":[{"href":"https:\/\/www.radioamigavallenar.cl\/index.php?rest_route=\/wp\/v2\/posts"}],"about":[{"href":"https:\/\/www.radioamigavallenar.cl\/index.php?rest_route=\/wp\/v2\/types\/post"}],"author":[{"embeddable":true,"href":"https:\/\/www.radioamigavallenar.cl\/index.php?rest_route=\/wp\/v2\/users\/2"}],"replies":[{"embeddable":true,"href":"https:\/\/www.radioamigavallenar.cl\/index.php?rest_route=%2Fwp%2Fv2%2Fcomments&post=34803"}],"version-history":[{"count":1,"href":"https:\/\/www.radioamigavallenar.cl\/index.php?rest_route=\/wp\/v2\/posts\/34803\/revisions"}],"predecessor-version":[{"id":34804,"href":"https:\/\/www.radioamigavallenar.cl\/index.php?rest_route=\/wp\/v2\/posts\/34803\/revisions\/34804"}],"wp:featuredmedia":[{"embeddable":true,"href":"https:\/\/www.radioamigavallenar.cl\/index.php?rest_route=\/wp\/v2\/media\/24808"}],"wp:attachment":[{"href":"https:\/\/www.radioamigavallenar.cl\/index.php?rest_route=%2Fwp%2Fv2%2Fmedia&parent=34803"}],"wp:term":[{"taxonomy":"category","embeddable":true,"href":"https:\/\/www.radioamigavallenar.cl\/index.php?rest_route=%2Fwp%2Fv2%2Fcategories&post=34803"},{"taxonomy":"post_tag","embeddable":true,"href":"https:\/\/www.radioamigavallenar.cl\/index.php?rest_route=%2Fwp%2Fv2%2Ftags&post=34803"}],"curies":[{"name":"wp","href":"https:\/\/api.w.org\/{rel}","templated":true}]}}