{"id":34798,"date":"2021-01-16T10:05:59","date_gmt":"2021-01-16T13:05:59","guid":{"rendered":"https:\/\/www.radioamigavallenar.cl\/?p=34798"},"modified":"2021-01-16T10:06:51","modified_gmt":"2021-01-16T13:06:51","slug":"interpelan-a-ministra-de-agricultura-en-la-comuna-de-freirina-por-tpp-11","status":"publish","type":"post","link":"https:\/\/www.radioamigavallenar.cl\/?p=34798","title":{"rendered":"Interpelan a ministra de agricultura en la comuna de Freirina por TPP 11"},"content":{"rendered":"<p>El pasado jueves 14 de enero del 2021, interpelamos a la nueva Ministra de Agricultura Mar\u00eda Emiliana Undurraga, quien visit\u00f3 la comuna de Freirina, Valle del Huasco. Nos manifestamos desde el sentido colectivo a nivel nacional sobre el rechazo al Tratado Integral y Progresista de Asociaci\u00f3n Transpac\u00edfico m\u00e1s conocido como TPP- 11, visibilizando la preocupaci\u00f3n y completo desacuerdo ante los dichos pronunciados por la Ministra apenas asumido el cargo tras la partida de ex ministro Walker en su intento de lograr un esca\u00f1o en la convenci\u00f3n Constitucional para seguir resguardando sus derechos de agua: \u201cEl TPP-11 es un buen proyecto, lo vemos como una oportunidad\u201d fueron de los primeros dichos de la actual Ministra.<\/p>\n<p>Nos manifestamos en contra de un tratado criminal que atenta que atenta contra la libertad, la soberan\u00eda, la autonom\u00eda, la autodeterminaci\u00f3n y la vida de los territorios y que profundiza a\u00fan m\u00e1s el modelo neoliberal y el extractivismo, otorgando garant\u00edas a las grandes transnacionales por sobre los Estados. De firmar este tratado, si alguna de estas empresas considera que sus utilidades se ven afectadas por alg\u00fan cambio en una legislaci\u00f3n nacional podr\u00e1 demandar al pa\u00eds en tribunales internacionales vinculantes y obligar a un pa\u00eds a pagar compensaciones millonarias. As\u00ed mismo, impide a los Estados exigir royalties o impuestos y hace imposible avanzar en materia de derechos sociales. El TPP-11 busca perpetuar el modelo de las AFP al dar garant\u00edas jur\u00eddicas al lucro privado sobre las pensiones dignas, vulnera derechos humanos y laborales fundamentales, como el derecho a la huelga y bloquea el ingreso al pa\u00eds de medicamentos gen\u00e9ricos. Tambi\u00e9n busca limitar el libre acceso a las plataformas virtuales (Internet) y elimina el derecho colectivo de compartir semillas libres para dejarlo exclusivamente en manos de privados. Finalmente en el contexto actual, de aprobarse, afectar\u00e1 el proceso constituyente secuestrando la posibilidad de lograr los cambios estructurales y de fondo que necesitamos.<\/p>\n<p>Nos parece importante que cada territorio se levante contra la urgencia con que el actual poder ejecutivo propone para votar sobre el TPP-11, organizar-nos, compartir informaci\u00f3n a las comunidades, visibilizar en las rrss y exigir al Senado que nunca m\u00e1s discuta este Tratado, o al menos, nunca antes de que tengamos una nueva Constituci\u00f3n.<\/p>\n<p>Por \u00faltimo, sabemos que este gobierno opresor est\u00e1 a merced de este modelo capitalista, fascista patriarcal y colonialista es por eso que seguimos visibilizando, incomodando y haciendo frente. Estamos en contra del TPP11, en contra de la muerte de nuestras autonom\u00edas y Soberan\u00edas, de nuestras libertades.<\/p>\n<p>\u00a1Queremos que la identidad territorial, el campesinado, la producci\u00f3n local, la diversidad, resguardo de semillas, la libre expresi\u00f3n y la vida sean derechos garantizados y no vulnerados!<\/p>\n<p>DECIMOS FUERTE Y CLARO NO AL TPP-11<\/p>\n<p>Valle del Guasco, Enero 2021.-<\/p>\n","protected":false},"excerpt":{"rendered":"<p>El pasado jueves 14 de enero del 2021, interpelamos a la nueva Ministra de Agricultura Mar\u00eda Emiliana Undurraga, quien visit\u00f3 la comuna de Freirina, Valle&hellip; <\/p>\n","protected":false},"author":2,"featured_media":34799,"comment_status":"open","ping_status":"closed","sticky":false,"template":"","format":"standard","meta":{"footnotes":""},"categories":[38],"tags":[],"class_list":["post-34798","post","type-post","status-publish","format-standard","has-post-thumbnail","hentry","category-portada-regional"],"_links":{"self":[{"href":"https:\/\/www.radioamigavallenar.cl\/index.php?rest_route=\/wp\/v2\/posts\/34798","targetHints":{"allow":["GET"]}}],"collection":[{"href":"https:\/\/www.radioamigavallenar.cl\/index.php?rest_route=\/wp\/v2\/posts"}],"about":[{"href":"https:\/\/www.radioamigavallenar.cl\/index.php?rest_route=\/wp\/v2\/types\/post"}],"author":[{"embeddable":true,"href":"https:\/\/www.radioamigavallenar.cl\/index.php?rest_route=\/wp\/v2\/users\/2"}],"replies":[{"embeddable":true,"href":"https:\/\/www.radioamigavallenar.cl\/index.php?rest_route=%2Fwp%2Fv2%2Fcomments&post=34798"}],"version-history":[{"count":2,"href":"https:\/\/www.radioamigavallenar.cl\/index.php?rest_route=\/wp\/v2\/posts\/34798\/revisions"}],"predecessor-version":[{"id":34801,"href":"https:\/\/www.radioamigavallenar.cl\/index.php?rest_route=\/wp\/v2\/posts\/34798\/revisions\/34801"}],"wp:featuredmedia":[{"embeddable":true,"href":"https:\/\/www.radioamigavallenar.cl\/index.php?rest_route=\/wp\/v2\/media\/34799"}],"wp:attachment":[{"href":"https:\/\/www.radioamigavallenar.cl\/index.php?rest_route=%2Fwp%2Fv2%2Fmedia&parent=34798"}],"wp:term":[{"taxonomy":"category","embeddable":true,"href":"https:\/\/www.radioamigavallenar.cl\/index.php?rest_route=%2Fwp%2Fv2%2Fcategories&post=34798"},{"taxonomy":"post_tag","embeddable":true,"href":"https:\/\/www.radioamigavallenar.cl\/index.php?rest_route=%2Fwp%2Fv2%2Ftags&post=34798"}],"curies":[{"name":"wp","href":"https:\/\/api.w.org\/{rel}","templated":true}]}}