{"id":34795,"date":"2021-01-16T10:01:29","date_gmt":"2021-01-16T13:01:29","guid":{"rendered":"https:\/\/www.radioamigavallenar.cl\/?p=34795"},"modified":"2021-01-16T10:01:29","modified_gmt":"2021-01-16T13:01:29","slug":"refuerzan-llamado-a-solicitar-bono-covid-en-la-region-de-atacama","status":"publish","type":"post","link":"https:\/\/www.radioamigavallenar.cl\/?p=34795","title":{"rendered":"Refuerzan llamado a solicitar Bono Covid en la Regi\u00f3n de Atacama"},"content":{"rendered":"<p><strong>De acuerdo a los datos proporcionados por el Ministerio de Desarrollo Social y Familia, a la fecha han sido ingresadas un total de 12.583 postulaciones a nivel regional.<\/strong><span id=\"more-233891\"><\/span><\/p>\n<p>Esta ma\u00f1ana el seremi de Desarrollo Social y Familia, Luis Morales Vergara, se traslad\u00f3 hasta la\u00a0 Villa Capri Chico de la comuna de Copiap\u00f3, para visitar a Juan Carlos Gonzalez, un jefe de hogar que, junto a sus dos hijos, forman parte del Programa Camino del Subsistema de Seguridad y Oportunidades.<\/p>\n<p>En la ocasi\u00f3n, la autoridad ayud\u00f3 a este experimentado maestro alba\u00f1il a postular al Bono Covid mediante la p\u00e1gina www.ingresodeemergencia.cl, con tan solo sus datos personales y cedula de identidad. Asimismo, aprovech\u00f3 de reforzar el llamado a los vecinos y vecinas a que postulen a este beneficio que est\u00e1 entregando el Gobierno.<\/p>\n<p>\u201cHoy hemos ayudado a Juan Carlos a postular al Bono Covid, ya que es el beneficio que, como Gobierno, hemos definido para el mes de enero. Y, nos encontramos haciendo un llamado a todas las familias del Subsistema de Seguridad y Oportunidades, que reciben el Subsidio \u00danico Familiar, para que puedan postular hasta el pr\u00f3ximo lunes, 18 de enero\u201d, sostuvo el seremi Morales.<\/p>\n<p>Por su parte, Juan Carlos Gonzalez, se mostr\u00f3 agradecido por esta ayuda e incentiv\u00f3 a sus pares a no quedar fuera de esta ayuda social. \u201cPostul\u00e9 al Bono Covid y les pido que ustedes tambi\u00e9n lo puedan hacer, ya que es algo muy bueno poder recibir ayuda en estos tiempos tan complejos\u201d.<\/p>\n<p>Estos apoyos se suman a la extensa Red de Protecci\u00f3n Social implementada por el Gobierno y que busca proteger tanto la salud de las familias, como tambi\u00e9n sus empleos e ingresos.<\/p>\n<p>El monto de estos beneficios, as\u00ed como los requisitos para acceder a ellos depender\u00e1n de la situaci\u00f3n sanitaria en que se encontraba su comuna durante el periodo entre el 27 de noviembre y el 31 de diciembre, entregando mayores aportes a aquellos hogares ubicados en comunas con medidas de confinamiento m\u00e1s estrictas donde las personas no han podido retomar sus actividades o generar ingresos propios.<\/p>\n<p>Adem\u00e1s, la autoridad de Desarrollo Social y Familia en Atacama, a\u00f1adi\u00f3 que \u201ca nivel regional nos encontramos desarrollando diversas actividades en terreno para ayudar a los adultos mayores, personas en situaci\u00f3n calle, jefas de hogar, trabajadores, entre otros, a postular a este nuevo beneficios del Gobierno del Presidente Pi\u00f1era. Por ello, es primordial pedirles a las personas que no se queden fuera y puedan ingresar a la p\u00e1gina www.ingresodeemergencia.cl\u201d.<\/p>\n<p>A la fecha se han ingresado un total de 1.868.095 solicitudes a nivel pa\u00eds, mientras que en la Regi\u00f3n de Atacama han sido ingresados 12.583.<\/p>\n<p>El subsecretario de Servicios Sociales, Sebasti\u00e1n Villarreal tambi\u00e9n se quiso sumar a este llamado y se\u00f1al\u00f3 que \u00aben todas las regiones del pa\u00eds nos hemos preocupado de apoyar de forma especial a aquellos grupos que suelen encontrar dificultades para realizar tr\u00e1mites online. A trav\u00e9s de nuestras serem\u00edas hemos ido a buscar a los adultos mayores en establecimientos de larga estad\u00eda, personas con discapacidad en residencias, las familias vulnerables que participan de nuestros distintos programas y las personas en situaci\u00f3n de calle. El llamado es a apoyar esto de forma solidaria, especialmente con adultos mayores, un vecino o un abuelo que pueda requerir nuestra ayuda para completar este proceso\u00bb.<\/p>\n<p>Por \u00faltimo, cabe recalcar que, las postulaciones est\u00e1n abiertas hasta el pr\u00f3ximo lunes, 18 de enero, a trav\u00e9s del sitio web www.ingresodeemergencia.cl.<\/p>\n","protected":false},"excerpt":{"rendered":"<p>De acuerdo a los datos proporcionados por el Ministerio de Desarrollo Social y Familia, a la fecha han sido ingresadas un total de 12.583 postulaciones&hellip; <\/p>\n","protected":false},"author":2,"featured_media":34796,"comment_status":"open","ping_status":"closed","sticky":false,"template":"","format":"standard","meta":{"footnotes":""},"categories":[7],"tags":[],"class_list":["post-34795","post","type-post","status-publish","format-standard","has-post-thumbnail","hentry","category-atacama"],"_links":{"self":[{"href":"https:\/\/www.radioamigavallenar.cl\/index.php?rest_route=\/wp\/v2\/posts\/34795","targetHints":{"allow":["GET"]}}],"collection":[{"href":"https:\/\/www.radioamigavallenar.cl\/index.php?rest_route=\/wp\/v2\/posts"}],"about":[{"href":"https:\/\/www.radioamigavallenar.cl\/index.php?rest_route=\/wp\/v2\/types\/post"}],"author":[{"embeddable":true,"href":"https:\/\/www.radioamigavallenar.cl\/index.php?rest_route=\/wp\/v2\/users\/2"}],"replies":[{"embeddable":true,"href":"https:\/\/www.radioamigavallenar.cl\/index.php?rest_route=%2Fwp%2Fv2%2Fcomments&post=34795"}],"version-history":[{"count":1,"href":"https:\/\/www.radioamigavallenar.cl\/index.php?rest_route=\/wp\/v2\/posts\/34795\/revisions"}],"predecessor-version":[{"id":34797,"href":"https:\/\/www.radioamigavallenar.cl\/index.php?rest_route=\/wp\/v2\/posts\/34795\/revisions\/34797"}],"wp:featuredmedia":[{"embeddable":true,"href":"https:\/\/www.radioamigavallenar.cl\/index.php?rest_route=\/wp\/v2\/media\/34796"}],"wp:attachment":[{"href":"https:\/\/www.radioamigavallenar.cl\/index.php?rest_route=%2Fwp%2Fv2%2Fmedia&parent=34795"}],"wp:term":[{"taxonomy":"category","embeddable":true,"href":"https:\/\/www.radioamigavallenar.cl\/index.php?rest_route=%2Fwp%2Fv2%2Fcategories&post=34795"},{"taxonomy":"post_tag","embeddable":true,"href":"https:\/\/www.radioamigavallenar.cl\/index.php?rest_route=%2Fwp%2Fv2%2Ftags&post=34795"}],"curies":[{"name":"wp","href":"https:\/\/api.w.org\/{rel}","templated":true}]}}