{"id":34789,"date":"2021-01-16T09:58:25","date_gmt":"2021-01-16T12:58:25","guid":{"rendered":"https:\/\/www.radioamigavallenar.cl\/?p=34789"},"modified":"2021-01-16T09:58:25","modified_gmt":"2021-01-16T12:58:25","slug":"prision-preventiva-para-imputado-por-distintos-robos-a-farmacias","status":"publish","type":"post","link":"https:\/\/www.radioamigavallenar.cl\/?p=34789","title":{"rendered":"Prisi\u00f3n preventiva para imputado por distintos robos a farmacias"},"content":{"rendered":"<p><strong>Fiscal de la especialidad de robos de la Fiscal\u00eda Local de Copiap\u00f3, Sebasti\u00e1n Coya Gonz\u00e1lez, logr\u00f3 acreditar la participaci\u00f3n del imputado en los delitos investigados. Diligencias se desarrollaron junto a personal de la SIP de Carabineros.<\/strong><\/p>\n<p><strong><em>\u00a0<\/em><\/strong><span id=\"more-233935\"><\/span><\/p>\n<p>Privado de libertad en la c\u00e1rcel de Copiap\u00f3 qued\u00f3 un imputado a quien la Fiscal\u00eda de Atacama formaliz\u00f3 por distintos robos que afectaron a farmacias y otros locales comerciales del centro de la capital regional.<\/p>\n<p>La direcci\u00f3n de esta indagatoria estuvo a cargo del fiscal Sebasti\u00e1n Coya Gonz\u00e1lez, quien mencion\u00f3 que luego de las denuncias y de acuerdo a las caracter\u00edsticas que presentaba cada robo se ordenaron diligencias investigativas a la SIP de Carabineros, con las que fue posible obtener informaci\u00f3n respecto del modo de operar de dos involucrados, adem\u00e1s de determinar los veh\u00edculos en los que se movilizaban para cometer los robos.<\/p>\n<p>\u201cSe trata de delitos que se cometieron en los meses de abril, julio, noviembre y diciembre del a\u00f1o 2020, dando inicio el trabajo de investigaci\u00f3n que permiti\u00f3 reunir antecedentes que sustentaron la solicitud al Juez de turno de la orden de ingreso a distintos domicilios en la ciudad. Diligencia que permiti\u00f3 recuperar evidencia de inter\u00e9s criminal\u00edstico como prendas de vestir, elementos destinados a la comisi\u00f3n de los robos y una suma cercana a los 7 millones de pesos. Todo lo que coincid\u00eda con el registro de las c\u00e1maras de seguridad de los locales afectados\u201d, dijo el fiscal.<\/p>\n<p>En las im\u00e1genes, adem\u00e1s, se determin\u00f3 como los imputados realizaban un mecanismo de apertura a los locales previo a concretar su ingreso, el que siempre lo realizaban en \u201cpunta y codo\u201d.<\/p>\n<p>Previo a los allanamientos el fiscal Coya Gonz\u00e1lez se reuni\u00f3 con cerca de 60 efectivos de Carabineros de distintas unidades especializadas, ocasi\u00f3n en que se coordin\u00f3 la manera en que se realizar\u00eda el ingreso a los domicilios. Trabajo que arroj\u00f3 resultados positivos al lograr la detenci\u00f3n de uno de los participantes en los robos.<\/p>\n<p style=\"text-align: center;\"><strong>FORMALIZACI\u00d3N<\/strong><\/p>\n<p>En la audiencia de formalizaci\u00f3n del detenido el fiscal argument\u00f3 los medios de prueba en su contra, comunicando los cargos de robo en lugar no habitado en car\u00e1cter de reiterado, solicitando en su contra la medida cautelar de prisi\u00f3n preventiva por ser considerado un peligro para la sociedad. Petici\u00f3n que fue acogida por el Juez de turno, quien determin\u00f3 su inmediato ingreso a la c\u00e1rcel local.<\/p>\n<p>Respecto del segundo involucrado en los delitos se indic\u00f3 que se encuentra en calidad de pr\u00f3fugo.<\/p>\n","protected":false},"excerpt":{"rendered":"<p>Fiscal de la especialidad de robos de la Fiscal\u00eda Local de Copiap\u00f3, Sebasti\u00e1n Coya Gonz\u00e1lez, logr\u00f3 acreditar la participaci\u00f3n del imputado en los delitos investigados.&hellip; <\/p>\n","protected":false},"author":2,"featured_media":0,"comment_status":"open","ping_status":"closed","sticky":false,"template":"","format":"standard","meta":{"footnotes":""},"categories":[7],"tags":[],"class_list":["post-34789","post","type-post","status-publish","format-standard","hentry","category-atacama"],"_links":{"self":[{"href":"https:\/\/www.radioamigavallenar.cl\/index.php?rest_route=\/wp\/v2\/posts\/34789","targetHints":{"allow":["GET"]}}],"collection":[{"href":"https:\/\/www.radioamigavallenar.cl\/index.php?rest_route=\/wp\/v2\/posts"}],"about":[{"href":"https:\/\/www.radioamigavallenar.cl\/index.php?rest_route=\/wp\/v2\/types\/post"}],"author":[{"embeddable":true,"href":"https:\/\/www.radioamigavallenar.cl\/index.php?rest_route=\/wp\/v2\/users\/2"}],"replies":[{"embeddable":true,"href":"https:\/\/www.radioamigavallenar.cl\/index.php?rest_route=%2Fwp%2Fv2%2Fcomments&post=34789"}],"version-history":[{"count":1,"href":"https:\/\/www.radioamigavallenar.cl\/index.php?rest_route=\/wp\/v2\/posts\/34789\/revisions"}],"predecessor-version":[{"id":34791,"href":"https:\/\/www.radioamigavallenar.cl\/index.php?rest_route=\/wp\/v2\/posts\/34789\/revisions\/34791"}],"wp:attachment":[{"href":"https:\/\/www.radioamigavallenar.cl\/index.php?rest_route=%2Fwp%2Fv2%2Fmedia&parent=34789"}],"wp:term":[{"taxonomy":"category","embeddable":true,"href":"https:\/\/www.radioamigavallenar.cl\/index.php?rest_route=%2Fwp%2Fv2%2Fcategories&post=34789"},{"taxonomy":"post_tag","embeddable":true,"href":"https:\/\/www.radioamigavallenar.cl\/index.php?rest_route=%2Fwp%2Fv2%2Ftags&post=34789"}],"curies":[{"name":"wp","href":"https:\/\/api.w.org\/{rel}","templated":true}]}}