{"id":34781,"date":"2021-01-16T09:52:11","date_gmt":"2021-01-16T12:52:11","guid":{"rendered":"https:\/\/www.radioamigavallenar.cl\/?p=34781"},"modified":"2021-01-16T09:52:11","modified_gmt":"2021-01-16T12:52:11","slug":"diputada-cid-se-reunio-con-gremio-de-la-construccion-por-tema-de-pagos-a-proveedores","status":"publish","type":"post","link":"https:\/\/www.radioamigavallenar.cl\/?p=34781","title":{"rendered":"Diputada Cid se reuni\u00f3 con gremio de la construcci\u00f3n por tema de pagos a proveedores"},"content":{"rendered":"<p>La diputada Sof\u00eda Cid Versalovic sostuvo en encuentro v\u00eda zoom con representantes de la C\u00e1mara Chilena de la Construcci\u00f3n en la regi\u00f3n de Atacama donde se abord\u00f3 la problem\u00e1tica que tienen proveedores locales para lograr sus pagos por servicios prestados a empresas que est\u00e1n construyendo proyectos de energ\u00eda en la regi\u00f3n.<\/p>\n<p>La parlamentaria asegur\u00f3 que \u201cel problema se produce cuando las empresas due\u00f1as de los proyectos tiene una empresa contratista que se adjudica las licitaciones, y es esta empresa la que a su vez contrata a los proveedores locales\u201d.<\/p>\n<p>Cid Versalovic agreg\u00f3 que cuando se producen estos problemas, los mandantes, es decir, los due\u00f1os del proyecto se escudan en que ellos tienen todo al d\u00eda, y que el tema es la de empresa contratista. \u201cEsto genera que los proveedores locales realicen manifestaciones o protestas para conseguir los pagos, desgastando a nuestros atacame\u00f1os quienes son los que m\u00e1s se perjudican con esta situaci\u00f3n\u201d.<\/p>\n<p>La diputada coment\u00f3 que durante la reuni\u00f3n integrantes de la CChC presentaron sus intervenciones donde explicaron los problemas que se suscitan para los proveedores locales agregando esta situaci\u00f3n se compleja debido a que \u201cmuchos no celebran contratos por escrito, utilizando la modalidad de pago contra emisi\u00f3n de factura y que los proveedores no recurren a los tribunales civiles para hacer el cobro de las facturas por temor a perder los contratos\u201d. En este sentido los dirigentes gremiales agregaron que, al momento de producirse el conflicto por pago, se hace una mesa o iniciativa para pagar, y varios proveedores quedan fuera porque no son capaces de acreditar ni la existencia ni el monto de la deuda\u201d.<\/p>\n<p>Finalmente, la diputada sostuvo que \u201cseguir\u00e9 apoyando a nuestras Pymes locales, ya he oficiado al ministerio y estamos presentado modificaciones legales para que terminen estas malas pr\u00e1cticas que perjudican a nuestra gente\u201d.<\/p>\n<p>Proyecto de Ley<\/p>\n<p>Con posterioridad a la reuni\u00f3n, la diputada por Atacama ingres\u00f3 un proyecto de ley que busca modificar la ley de peque\u00f1as y medianas empresas para establecer mayor protecci\u00f3n a los proveedores pymes. \u201cLa idea es que las empresas due\u00f1as de los proyectos sean responsables ante las pymes, algo similar a lo que hoy existe en materia de obligaciones provisionales. Esto es un tema que debemos cambiar, sobre todo si se considera que las empresas que suelen generar estos problemas son espa\u00f1olas o italianas. Debe ser una norma general para que todos lo que vienen a invertir a Chile la cumplan\u201d. finaliz\u00f3 la diputada Sof\u00eda Cid Versalovic.<\/p>\n","protected":false},"excerpt":{"rendered":"<p>La diputada Sof\u00eda Cid Versalovic sostuvo en encuentro v\u00eda zoom con representantes de la C\u00e1mara Chilena de la Construcci\u00f3n en la regi\u00f3n de Atacama donde&hellip; <\/p>\n","protected":false},"author":2,"featured_media":32260,"comment_status":"open","ping_status":"closed","sticky":false,"template":"","format":"standard","meta":{"footnotes":""},"categories":[7],"tags":[],"class_list":["post-34781","post","type-post","status-publish","format-standard","has-post-thumbnail","hentry","category-atacama"],"_links":{"self":[{"href":"https:\/\/www.radioamigavallenar.cl\/index.php?rest_route=\/wp\/v2\/posts\/34781","targetHints":{"allow":["GET"]}}],"collection":[{"href":"https:\/\/www.radioamigavallenar.cl\/index.php?rest_route=\/wp\/v2\/posts"}],"about":[{"href":"https:\/\/www.radioamigavallenar.cl\/index.php?rest_route=\/wp\/v2\/types\/post"}],"author":[{"embeddable":true,"href":"https:\/\/www.radioamigavallenar.cl\/index.php?rest_route=\/wp\/v2\/users\/2"}],"replies":[{"embeddable":true,"href":"https:\/\/www.radioamigavallenar.cl\/index.php?rest_route=%2Fwp%2Fv2%2Fcomments&post=34781"}],"version-history":[{"count":1,"href":"https:\/\/www.radioamigavallenar.cl\/index.php?rest_route=\/wp\/v2\/posts\/34781\/revisions"}],"predecessor-version":[{"id":34782,"href":"https:\/\/www.radioamigavallenar.cl\/index.php?rest_route=\/wp\/v2\/posts\/34781\/revisions\/34782"}],"wp:featuredmedia":[{"embeddable":true,"href":"https:\/\/www.radioamigavallenar.cl\/index.php?rest_route=\/wp\/v2\/media\/32260"}],"wp:attachment":[{"href":"https:\/\/www.radioamigavallenar.cl\/index.php?rest_route=%2Fwp%2Fv2%2Fmedia&parent=34781"}],"wp:term":[{"taxonomy":"category","embeddable":true,"href":"https:\/\/www.radioamigavallenar.cl\/index.php?rest_route=%2Fwp%2Fv2%2Fcategories&post=34781"},{"taxonomy":"post_tag","embeddable":true,"href":"https:\/\/www.radioamigavallenar.cl\/index.php?rest_route=%2Fwp%2Fv2%2Ftags&post=34781"}],"curies":[{"name":"wp","href":"https:\/\/api.w.org\/{rel}","templated":true}]}}