{"id":34778,"date":"2021-01-16T09:51:22","date_gmt":"2021-01-16T12:51:22","guid":{"rendered":"https:\/\/www.radioamigavallenar.cl\/?p=34778"},"modified":"2021-01-16T09:51:22","modified_gmt":"2021-01-16T12:51:22","slug":"realizan-fiscalizacion-de-seguridad-en-paso-san-francisco","status":"publish","type":"post","link":"https:\/\/www.radioamigavallenar.cl\/?p=34778","title":{"rendered":"Realizan fiscalizaci\u00f3n de seguridad en Paso San Francisco"},"content":{"rendered":"<p><b>La Gobernaci\u00f3n de la provincia de Copiap\u00f3 a trav\u00e9s de la unidad de Pasos Fronterizos realiz\u00f3 el procedimiento junto a los servicios contralores de Aduana, Servicio Agr\u00edcola Ganadero, Carabineros y la Polic\u00eda de Investigaciones de Atacama.<\/b><\/p>\n<p>Como parte de las acciones constantes de seguridad en territorio de fronteras a trav\u00e9s de las medidas de control de cero tr\u00e1nsito irregular por pasos no habilitados en la provincia de Copiap\u00f3, se realiz\u00f3 una nueva jornada de fiscalizaci\u00f3n en esta materia en el Complejo Fronterizo San Francisco.<\/p>\n<p>En este sentido, la Gobernadora de la provincia de Copiap\u00f3, se\u00f1al\u00f3 que \u201cestas acciones son parte del constante trabajo de la unidad de Pasos Fronterizos y de Seguridad P\u00fablica de la Gobernaci\u00f3n Provincial, adem\u00e1s las gestiones y trabajo conjunto con los servicios relacionados al \u00e1rea y las polic\u00edas a trav\u00e9s de las fiscalizaciones para la mantenci\u00f3n en cero de tr\u00e1nsito y tr\u00e1nsito tur\u00edstico irregular en el lugar de Argentina a Chile, en los sectores Ruta CH-31, Refugio Laguna Verde, Limite Pol\u00edtico Chile \u2013 Argentina, Laguna Verde, ex reten de Carabineros Laguna Verde, Parque Nacional Nevado Tres Cruces, Laguna Santa Rosa y Ruta \u201cLa Puerta\u201d, verificando la efectividad de que no existe tr\u00e1nsito irregular en el control del territorio\u201d.<\/p>\n<p>Fiscalizaci\u00f3n, que forma parte de una programaci\u00f3n anual, y que en esta oportunidad tuvo resultado favorable en el procedimiento que se le realiz\u00f3 a cinco veh\u00edculos, con destinaci\u00f3n tur\u00edstica y pasajeros de nacionalidad chilena, sin mayor inconvenientes.<\/p>\n","protected":false},"excerpt":{"rendered":"<p>La Gobernaci\u00f3n de la provincia de Copiap\u00f3 a trav\u00e9s de la unidad de Pasos Fronterizos realiz\u00f3 el procedimiento junto a los servicios contralores de Aduana,&hellip; <\/p>\n","protected":false},"author":2,"featured_media":34779,"comment_status":"open","ping_status":"closed","sticky":false,"template":"","format":"standard","meta":{"footnotes":""},"categories":[7],"tags":[],"class_list":["post-34778","post","type-post","status-publish","format-standard","has-post-thumbnail","hentry","category-atacama"],"_links":{"self":[{"href":"https:\/\/www.radioamigavallenar.cl\/index.php?rest_route=\/wp\/v2\/posts\/34778","targetHints":{"allow":["GET"]}}],"collection":[{"href":"https:\/\/www.radioamigavallenar.cl\/index.php?rest_route=\/wp\/v2\/posts"}],"about":[{"href":"https:\/\/www.radioamigavallenar.cl\/index.php?rest_route=\/wp\/v2\/types\/post"}],"author":[{"embeddable":true,"href":"https:\/\/www.radioamigavallenar.cl\/index.php?rest_route=\/wp\/v2\/users\/2"}],"replies":[{"embeddable":true,"href":"https:\/\/www.radioamigavallenar.cl\/index.php?rest_route=%2Fwp%2Fv2%2Fcomments&post=34778"}],"version-history":[{"count":1,"href":"https:\/\/www.radioamigavallenar.cl\/index.php?rest_route=\/wp\/v2\/posts\/34778\/revisions"}],"predecessor-version":[{"id":34780,"href":"https:\/\/www.radioamigavallenar.cl\/index.php?rest_route=\/wp\/v2\/posts\/34778\/revisions\/34780"}],"wp:featuredmedia":[{"embeddable":true,"href":"https:\/\/www.radioamigavallenar.cl\/index.php?rest_route=\/wp\/v2\/media\/34779"}],"wp:attachment":[{"href":"https:\/\/www.radioamigavallenar.cl\/index.php?rest_route=%2Fwp%2Fv2%2Fmedia&parent=34778"}],"wp:term":[{"taxonomy":"category","embeddable":true,"href":"https:\/\/www.radioamigavallenar.cl\/index.php?rest_route=%2Fwp%2Fv2%2Fcategories&post=34778"},{"taxonomy":"post_tag","embeddable":true,"href":"https:\/\/www.radioamigavallenar.cl\/index.php?rest_route=%2Fwp%2Fv2%2Ftags&post=34778"}],"curies":[{"name":"wp","href":"https:\/\/api.w.org\/{rel}","templated":true}]}}