{"id":34775,"date":"2021-01-16T09:50:07","date_gmt":"2021-01-16T12:50:07","guid":{"rendered":"https:\/\/www.radioamigavallenar.cl\/?p=34775"},"modified":"2021-01-16T09:50:07","modified_gmt":"2021-01-16T12:50:07","slug":"subsecretario-de-vivienda-y-urbanismo-inaugura-parque-esmeralda-en-atacama","status":"publish","type":"post","link":"https:\/\/www.radioamigavallenar.cl\/?p=34775","title":{"rendered":"Subsecretario de vivienda y urbanismo inaugura Parque Esmeralda en Atacama"},"content":{"rendered":"<p><strong>Espacio p\u00fablico se ubica en el sector El Tambo de la comuna de Copiap\u00f3 y cuenta con una superficie total de 10 mil 500 metros cuadrados, beneficiando directamente a m\u00e1s de 16 mil personas.<\/strong><span id=\"more-234014\"><\/span><\/p>\n<p>En una actividad encabezada por el Subsecretario Minvu Guillermo Rolando y el Intendente Patricio Urquieta se realiz\u00f3 el tradicional corte de cinta que dio por inaugurada la obra Parque Esmeralda, ubicada en el sector El Tambo de la comuna de Copiap\u00f3.<\/p>\n<p>La actividad, que adem\u00e1s cont\u00f3 con la participaci\u00f3n de los diputados Nicolas Noman, Juan Santana y Sofia Cid, del alcalde de Copiap\u00f3 Marcos L\u00f3pez y autoridades provinciales y regionales, entreg\u00f3 formalmente el espacio p\u00fablico al municipio para su cuidado y mantenimiento y a los vecinos para su uso y entretenci\u00f3n, donde destacan zonas de juegos para ni\u00f1os, anfiteatro que aprovecha la pendiente natural del lugar, zona de skatepark, \u00e1reas para la pr\u00e1ctica de ejercicios y yoga al aire libre, multicancha, jardines, paseos interiores, miradores y zonas de descanso que lo convierten en un parque de alto est\u00e1ndar construido en el altiplano norte de la ciudad con un impacto social importante y reconocido por los vecinos del sector.<\/p>\n<p>Sobre esta entrega el Subsecretario Guillermo Rolando explic\u00f3 que \u201cacabamos de inaugurar un Parque que antes de ser un hermoso espacio con juegos y \u00e1reas verdes como lo es ahora, era un sitio eriazo, con basura y con mucha inseguridad. Hoy lo que entregamos a la comunidad es un parque de 1 hect\u00e1rea con una construcci\u00f3n de alto est\u00e1ndar e inclusivo, que no tiene nada que envidiar a los mejores parques de Chile, siendo uno de los esfuerzos del Ministerio de Vivienda y Urbanismo el recuperar espacios p\u00fablicos de calidad, m\u00e1s a\u00fan en tiempos de pandemia, donde las familias -sobre todo las m\u00e1s vulnerables- necesitan de espacios que mejoren sus condiciones de vida\u201d.<\/p>\n<p>Igualmente, el Intendente de Atacama Patricio Urquieta, expres\u00f3 que \u201cla inauguraci\u00f3n de este parque es un compromiso que hemos hecho en el Gobierno del Presidente Pi\u00f1era que est\u00e1 dentro del Plan Regional. Las cualidades de este parque est\u00e1n claras y a la vista. Este es el primer parque construido en el Altiplano de la comuna de Copiap\u00f3 y para nosotros es una oportunidad para agradecer el trabajo que ha hecho el conjunto de vecinos que durante muchos a\u00f1os ha impulsado esta iniciativa\u201d.<\/p>\n<p>Irene Rojas, presidenta de la Junta de Vecinos El Tambo, junto con agradecer a las autoridades, destac\u00f3 el nivel del parque que hoy en d\u00eda tienen en las puertas de sus hogares, detallando que \u201choy en d\u00eda tenemos una mirada preciosa cuando salimos de nuestras casas. Ver nuestro frontis ordenado, verde y con paseos interiores hermosos nos dignifica como personas. Estamos agradecidas de todo lo que recibimos hoy\u201d.<\/p>\n<p>La inversi\u00f3n de este nuevo espacio p\u00fablico para la comuna es cercana a los 2.500 millones de pesos, obras que adem\u00e1s consideran iluminaci\u00f3n peatonal en sectores de permanencia y recorrido, riego tecnificado, sombreaderos a modo de p\u00e9rgolas, y la implementaci\u00f3n de paisajismo en los sectores que rodean las zonas program\u00e1ticas y recorridos.<\/p>\n","protected":false},"excerpt":{"rendered":"<p>Espacio p\u00fablico se ubica en el sector El Tambo de la comuna de Copiap\u00f3 y cuenta con una superficie total de 10 mil 500 metros&hellip; <\/p>\n","protected":false},"author":2,"featured_media":34776,"comment_status":"open","ping_status":"closed","sticky":false,"template":"","format":"standard","meta":{"footnotes":""},"categories":[7],"tags":[],"class_list":["post-34775","post","type-post","status-publish","format-standard","has-post-thumbnail","hentry","category-atacama"],"_links":{"self":[{"href":"https:\/\/www.radioamigavallenar.cl\/index.php?rest_route=\/wp\/v2\/posts\/34775","targetHints":{"allow":["GET"]}}],"collection":[{"href":"https:\/\/www.radioamigavallenar.cl\/index.php?rest_route=\/wp\/v2\/posts"}],"about":[{"href":"https:\/\/www.radioamigavallenar.cl\/index.php?rest_route=\/wp\/v2\/types\/post"}],"author":[{"embeddable":true,"href":"https:\/\/www.radioamigavallenar.cl\/index.php?rest_route=\/wp\/v2\/users\/2"}],"replies":[{"embeddable":true,"href":"https:\/\/www.radioamigavallenar.cl\/index.php?rest_route=%2Fwp%2Fv2%2Fcomments&post=34775"}],"version-history":[{"count":1,"href":"https:\/\/www.radioamigavallenar.cl\/index.php?rest_route=\/wp\/v2\/posts\/34775\/revisions"}],"predecessor-version":[{"id":34777,"href":"https:\/\/www.radioamigavallenar.cl\/index.php?rest_route=\/wp\/v2\/posts\/34775\/revisions\/34777"}],"wp:featuredmedia":[{"embeddable":true,"href":"https:\/\/www.radioamigavallenar.cl\/index.php?rest_route=\/wp\/v2\/media\/34776"}],"wp:attachment":[{"href":"https:\/\/www.radioamigavallenar.cl\/index.php?rest_route=%2Fwp%2Fv2%2Fmedia&parent=34775"}],"wp:term":[{"taxonomy":"category","embeddable":true,"href":"https:\/\/www.radioamigavallenar.cl\/index.php?rest_route=%2Fwp%2Fv2%2Fcategories&post=34775"},{"taxonomy":"post_tag","embeddable":true,"href":"https:\/\/www.radioamigavallenar.cl\/index.php?rest_route=%2Fwp%2Fv2%2Ftags&post=34775"}],"curies":[{"name":"wp","href":"https:\/\/api.w.org\/{rel}","templated":true}]}}