{"id":34757,"date":"2021-01-15T11:37:10","date_gmt":"2021-01-15T14:37:10","guid":{"rendered":"https:\/\/www.radioamigavallenar.cl\/?p=34757"},"modified":"2021-01-15T11:37:10","modified_gmt":"2021-01-15T14:37:10","slug":"covid-19-por-quinta-vez-hay-mas-de-4-mil-nuevos-contagios-y-se-superan-los-26-mil-activos","status":"publish","type":"post","link":"https:\/\/www.radioamigavallenar.cl\/?p=34757","title":{"rendered":"Covid 19: Por quinta vez hay m\u00e1s de 4 mil nuevos contagios y se superan los 26 mil activos"},"content":{"rendered":"<p>Este viernes las autoridades de salud entregaron un nuevo balance sobre el avance del coronavirus en el pa\u00eds, oportunidad donde se informaron 4.471 nuevos casos.\u00a0<strong>Se trata de la cifra m\u00e1s alta desde el 25 de junio de 2020.<\/strong><\/p>\n<p>Sobre los nuevos contagios, 2.899 corresponden a personas sintom\u00e1ticas y 1.403 a personas que no presentan s\u00edntomas. Adem\u00e1s, se registraron 169 test PCR Positivo que no fueron notificados.<\/p>\n<p>La cifra total de personas que han sido diagnosticadas con COVID-19 en el pa\u00eds alcanza a las 661.180. De ese total, 26.088 pacientes se encuentran en etapa activa.\u00a0<strong>Se debe agregar que esta cifra es la m\u00e1s alta desde el pasado 7 de junio de 2020.<\/strong><\/p>\n<p>En cuanto a los decesos, de acuerdo a la informaci\u00f3n entregada por el Departamento de Estad\u00edstica e Informaci\u00f3n de Salud (DEIS), en las \u00faltimas 24 horas se registraron 75 fallecidos por causas asociadas al COVID-19. El n\u00famero total de fallecidos asciende a 17.369 en el pa\u00eds.<\/p>\n<p>A la fecha, 1.025 personas se encuentran hospitalizadas en Unidades de Cuidados Intensivos (UCI), de las cuales 843 est\u00e1n con apoyo de ventilaci\u00f3n mec\u00e1nica y 61 se encuentran en estado cr\u00edtico de salud. Con relaci\u00f3n a la Red Integrada de Salud,\u00a0<strong>existe un total de 174 ventiladores disponibles para el paciente que lo requiera<\/strong>, independiente de la regi\u00f3n donde se encuentre.<\/p>\n<p>Respecto a la de Red de Laboratorios y la capacidad diagn\u00f3stica, ayer se informaron los resultados de 58.977 ex\u00e1menes PCR, alcanzando a la fecha un total de 7.135.637 test analizados a nivel nacional.<\/p>\n<p>Al respecto se refiri\u00f3 el ministro de Salud, Enrique Paris, quien se\u00f1al\u00f3 que de la totalidad de casos nuevos detectados,\u00a0<strong>\u201cun 29% se origina por B\u00fasqueda Activa de Casos (BAC) y un 33% de los notificados son asintom\u00e1ticos. En cuanto a la regi\u00f3n Metropolitana presenta un 25% por BAC y 31% de los casos notificados son asintom\u00e1ticos\u201d<\/strong>.<\/p>\n<p>Paris insisti\u00f3 que el pa\u00eds contin\u00faa atravesando un escenario dif\u00edcil que se complejiza d\u00eda a d\u00eda y llam\u00f3 a la ciudadan\u00eda a mantener las medidas m\u00e1s efectivas que conocemos hasta hoy para evitar la propagaci\u00f3n de los contagios: uso de mascarilla, lavado de manos frecuente con agua y jab\u00f3n, distanciamiento f\u00edsico, evitar las aglomeraciones, entre otras.<\/p>\n<p>A nivel pa\u00eds, ninguna regi\u00f3n disminuye sus nuevos casos en los \u00faltimos siete d\u00edas y ninguna en los \u00faltimos catorce d\u00edas. La positividad en las \u00faltimas 24 horas es 7,58% y el promedio de los \u00faltimos siete d\u00edas es de 7,46%.\u00a0<strong>Cabe destacar a la regi\u00f3n de Tarapac\u00e1, que lleg\u00f3 hasta el preocupante porcentaje de 19% de positividad.<\/strong><\/p>\n<p>Luego que durante meses la regi\u00f3n de Magallanes registr\u00f3 el \u00edndice de incidencia m\u00e1s alto a nivel pa\u00eds por 100 mil habitantes, hoy la regi\u00f3n de Los Lagos ocup\u00f3 ese lugar. El ministro precis\u00f3 que \u201cLos Lagos es la regi\u00f3n que m\u00e1s test realiza por mill\u00f3n de habitantes, y eso se debe mantener\u201d. Mientras que las regiones con mayor aumento de nuevos casos confirmados en los \u00faltimos siete d\u00edas son Arica, Atacama, Coquimbo y Los Lago<\/p>\n<p>El ministro de Salud, Enrique Paris, tambi\u00e9n se refiri\u00f3 a la vacunaci\u00f3n. \u201cNuestro Plan de Vacunaci\u00f3n contra el COVID-19 registra hasta hoy 12.787 personas vacunadas en Chile.\u00a0<strong>Actualmente, 5.739 personas ya han recibido su respectiva primera y segunda dosis\u201d.<\/strong><\/p>\n<h2>Cifras por regi\u00f3n:<\/h2>\n<p><img loading=\"lazy\" decoding=\"async\" class=\"alignnone size-full wp-image-4795565\" src=\"https:\/\/media.biobiochile.cl\/wp-content\/uploads\/2021\/01\/sin-titulo-15.png\" alt=\"\" width=\"938\" height=\"646\" \/><\/p>\n","protected":false},"excerpt":{"rendered":"<p>Este viernes las autoridades de salud entregaron un nuevo balance sobre el avance del coronavirus en el pa\u00eds, oportunidad donde se informaron 4.471 nuevos casos.\u00a0Se&hellip; <\/p>\n","protected":false},"author":2,"featured_media":26739,"comment_status":"open","ping_status":"closed","sticky":false,"template":"","format":"standard","meta":{"footnotes":""},"categories":[37],"tags":[],"class_list":["post-34757","post","type-post","status-publish","format-standard","has-post-thumbnail","hentry","category-nacional"],"_links":{"self":[{"href":"https:\/\/www.radioamigavallenar.cl\/index.php?rest_route=\/wp\/v2\/posts\/34757","targetHints":{"allow":["GET"]}}],"collection":[{"href":"https:\/\/www.radioamigavallenar.cl\/index.php?rest_route=\/wp\/v2\/posts"}],"about":[{"href":"https:\/\/www.radioamigavallenar.cl\/index.php?rest_route=\/wp\/v2\/types\/post"}],"author":[{"embeddable":true,"href":"https:\/\/www.radioamigavallenar.cl\/index.php?rest_route=\/wp\/v2\/users\/2"}],"replies":[{"embeddable":true,"href":"https:\/\/www.radioamigavallenar.cl\/index.php?rest_route=%2Fwp%2Fv2%2Fcomments&post=34757"}],"version-history":[{"count":1,"href":"https:\/\/www.radioamigavallenar.cl\/index.php?rest_route=\/wp\/v2\/posts\/34757\/revisions"}],"predecessor-version":[{"id":34758,"href":"https:\/\/www.radioamigavallenar.cl\/index.php?rest_route=\/wp\/v2\/posts\/34757\/revisions\/34758"}],"wp:featuredmedia":[{"embeddable":true,"href":"https:\/\/www.radioamigavallenar.cl\/index.php?rest_route=\/wp\/v2\/media\/26739"}],"wp:attachment":[{"href":"https:\/\/www.radioamigavallenar.cl\/index.php?rest_route=%2Fwp%2Fv2%2Fmedia&parent=34757"}],"wp:term":[{"taxonomy":"category","embeddable":true,"href":"https:\/\/www.radioamigavallenar.cl\/index.php?rest_route=%2Fwp%2Fv2%2Fcategories&post=34757"},{"taxonomy":"post_tag","embeddable":true,"href":"https:\/\/www.radioamigavallenar.cl\/index.php?rest_route=%2Fwp%2Fv2%2Ftags&post=34757"}],"curies":[{"name":"wp","href":"https:\/\/api.w.org\/{rel}","templated":true}]}}