{"id":34700,"date":"2021-01-14T08:15:36","date_gmt":"2021-01-14T11:15:36","guid":{"rendered":"https:\/\/www.radioamigavallenar.cl\/?p=34700"},"modified":"2021-01-14T08:15:36","modified_gmt":"2021-01-14T11:15:36","slug":"piden-salida-del-cargo-de-la-directora-regional-de-junaeb-atacama","status":"publish","type":"post","link":"https:\/\/www.radioamigavallenar.cl\/?p=34700","title":{"rendered":"Piden salida del cargo de la directora regional de JUNAEB Atacama"},"content":{"rendered":"<p>Dirigentes de la Afaeb, Asociaci\u00f3n de Funcionarios\/as de JUNAEB, junto a representantes de la ANEF (Asociaci\u00f3n Nacional de Empleados Fiscales), solicitaron la salida del cargo de la directora regional de JUNAEB Atacama, Claudia Alvayai Rojas.<\/p>\n<p>Junto con criticar la gesti\u00f3n de la directora, es que emitieron una nota de prensa en la cual solicitan su remoci\u00f3n del puesto, por lo que se\u00f1alan y consideran mal trato,\u00a0<strong>de acciones negligentes y maltrato laboral dentro de su jefatura regional<\/strong>.<\/p>\n<p>\u201cLa Directiva Nacional de la Asociaci\u00f3n de Funcionarios de la Junta Nacional de Auxilio Escolar y Becas AFAEB, en conjunto con sus dirigentes regionales hacemos un llamado a las autoridades regionales y nacionales para remover de su cargo a la Directora Regional de JUNAEB Atacama, ante la gravedad del da\u00f1o del clima laboral que ella ha generado\u201d, se\u00f1alan.<\/p>\n<p>Acotan los dirigentes que \u201cel pasado 31 de diciembre el funcionario Rodrigo Rivera se quit\u00f3 la vida, aquejado por un cuadro depresivo que se hab\u00eda agudizado en los \u00faltimos meses, debido al clima laboral\u201d.<\/p>\n<p>Puntualiza AFAEB que \u201cpese a las advertencias hechas a la Direcci\u00f3n Nacional sobre los problemas de clima regional, no se tomaron acciones y se sigui\u00f3 permitiendo el actuar irresponsable y falto de \u00e9tica y probidad de do\u00f1a Claudia Alvayai Rojas, mostrando negligencia y complicidad institucional en sus malas pr\u00e1cticas\u201d.<\/p>\n<p><strong>LA PETICI\u00d3N:<\/strong><\/p>\n<p>Recalcan adem\u00e1s que \u201cante esta terrible situaci\u00f3n, considerando que como AFAEB hab\u00edamos advertido del riesgo psicosocial y de la escasa importancia y respuesta institucional a las denuncias de acoso que hemos conocido (Los R\u00edos y Atacama) decidimos, en conjunto con los dirigentes regionales, solicitar su expulsi\u00f3n de la instituci\u00f3n. Sin embargo, la respuesta obtenida desestima la gravedad y la responsabilidad de su directora y vuelve a apoyarla, intentando esconder bajo la alfombra los problemas de<\/p>\n<p>maltrato y acoso laboral que se han instalado en la instituci\u00f3n\u201d.<\/p>\n<p>Agrega la declaraci\u00f3n de los trabajadores de JUNAEB que \u201cCreemos que, si esta situaci\u00f3n que es de la m\u00e1s alta gravedad no remueve las formas de actuar institucional, y se sigue dando respaldo a quienes ejercen malos liderazgos s\u00f3lo porque son Directores\/as, sin detenerse a revisar en serio y profundidad las situaciones que est\u00e1n ocurriendo, no tiene ning\u00fan sentido tener instancias de trabajo conjunto\u201d.<\/p>\n<p>Recalcan los dirigentes que \u201cexigimos por tanto, la salida inmediata de la directora regional, y hacemos un llamado urgente a poner atenci\u00f3n a lo que est\u00e1 ocurriendo con la salud mental de todas las personas que trabajan en el Estado, a considerar acciones acorde y flexibilidades que acojan las dificultades que estamos viviendo ante esta crisis sanitaria\u201d.<\/p>\n<p>Finalmente indican que \u201cesta terrible partida debe ser un punto de inflexi\u00f3n, para entender que no es posible seguir \u201cavanzando\u201d cuando no se escucha, se maltrata y hostiga a las y los trabajadores. No es posible hablar y pretender ser una instituci\u00f3n de excelencia cuando se invalida a trabajadores y sus representantes en los distintos \u00e1mbitos del quehacer institucional\u201d.<\/p>\n<p><strong>LA RESPUESTA:<\/strong><\/p>\n<p>Al respecto, de la declaraci\u00f3n de la Asociaci\u00f3n de Funcionarios de JUNAEB, consultamos la respuesta por parte de la instituci\u00f3n.<\/p>\n<p>Es as\u00ed que, desde el nivel central de JUNAEB se\u00f1alaron:<\/p>\n<p>\u201cLa muerte de Rodrigo Rivera, miembro de nuestro equipo en Atacama, es una p\u00e9rdida dolorosa para todos y m\u00e1s para quienes fueran sus compa\u00f1eros de trabajo. Nuestros esfuerzos como instituci\u00f3n se han puesto en la familia y sus colegas mediante seguimiento y apoyo profesional\u201d, indica.<\/p>\n<p>A\u00f1ade la versi\u00f3n institucional que \u201cnos parece que esta es una situaci\u00f3n muy compleja para aventurarse a atribuir responsabilidades por este lamentable hecho, tomando en cuenta que se trata de un contexto tan delicado como una enfermedad mental prolongada y diagnosticada; actualmente estamos concentrados en contener y apoyar a quienes sufrieron la p\u00e9rdida de Rodrigo\u201d.<\/p>\n<p>Indica adem\u00e1s que \u201cJUNAEB no hab\u00eda recibido denuncias o acusaciones que involucraran a Rodrigo como v\u00edctima en situaciones de acoso laboral. Pese a lo anterior, ya se inici\u00f3 de oficio la investigaci\u00f3n correspondiente, como se hace ante cualquier denuncia o sospecha de maltrato, acoso laboral o acoso sexual para aplicar las sanciones que determinen las respectivas investigaciones sumarias o sumarios administrativos\u201d.<\/p>\n","protected":false},"excerpt":{"rendered":"<p>Dirigentes de la Afaeb, Asociaci\u00f3n de Funcionarios\/as de JUNAEB, junto a representantes de la ANEF (Asociaci\u00f3n Nacional de Empleados Fiscales), solicitaron la salida del cargo&hellip; <\/p>\n","protected":false},"author":2,"featured_media":34701,"comment_status":"open","ping_status":"closed","sticky":false,"template":"","format":"standard","meta":{"footnotes":""},"categories":[38],"tags":[],"class_list":["post-34700","post","type-post","status-publish","format-standard","has-post-thumbnail","hentry","category-portada-regional"],"_links":{"self":[{"href":"https:\/\/www.radioamigavallenar.cl\/index.php?rest_route=\/wp\/v2\/posts\/34700","targetHints":{"allow":["GET"]}}],"collection":[{"href":"https:\/\/www.radioamigavallenar.cl\/index.php?rest_route=\/wp\/v2\/posts"}],"about":[{"href":"https:\/\/www.radioamigavallenar.cl\/index.php?rest_route=\/wp\/v2\/types\/post"}],"author":[{"embeddable":true,"href":"https:\/\/www.radioamigavallenar.cl\/index.php?rest_route=\/wp\/v2\/users\/2"}],"replies":[{"embeddable":true,"href":"https:\/\/www.radioamigavallenar.cl\/index.php?rest_route=%2Fwp%2Fv2%2Fcomments&post=34700"}],"version-history":[{"count":1,"href":"https:\/\/www.radioamigavallenar.cl\/index.php?rest_route=\/wp\/v2\/posts\/34700\/revisions"}],"predecessor-version":[{"id":34702,"href":"https:\/\/www.radioamigavallenar.cl\/index.php?rest_route=\/wp\/v2\/posts\/34700\/revisions\/34702"}],"wp:featuredmedia":[{"embeddable":true,"href":"https:\/\/www.radioamigavallenar.cl\/index.php?rest_route=\/wp\/v2\/media\/34701"}],"wp:attachment":[{"href":"https:\/\/www.radioamigavallenar.cl\/index.php?rest_route=%2Fwp%2Fv2%2Fmedia&parent=34700"}],"wp:term":[{"taxonomy":"category","embeddable":true,"href":"https:\/\/www.radioamigavallenar.cl\/index.php?rest_route=%2Fwp%2Fv2%2Fcategories&post=34700"},{"taxonomy":"post_tag","embeddable":true,"href":"https:\/\/www.radioamigavallenar.cl\/index.php?rest_route=%2Fwp%2Fv2%2Ftags&post=34700"}],"curies":[{"name":"wp","href":"https:\/\/api.w.org\/{rel}","templated":true}]}}