{"id":347,"date":"2016-05-06T06:00:48","date_gmt":"2016-05-06T09:00:48","guid":{"rendered":"http:\/\/www.radioamigavallenar.cl\/?p=347"},"modified":"2016-05-05T22:44:12","modified_gmt":"2016-05-06T01:44:12","slug":"certifican-a-vallenarinos-del-programa-becas-laborales","status":"publish","type":"post","link":"https:\/\/www.radioamigavallenar.cl\/?p=347","title":{"rendered":"Certifican a vallenarinos del programa \u00abbecas laborales\u00bb"},"content":{"rendered":"<p style=\"text-align: justify;\"><a href=\"http:\/\/www.radioamigavallenar.cl\/wp-content\/uploads\/2016\/05\/Certificacion.jpg\"><img loading=\"lazy\" decoding=\"async\" class=\" size-medium wp-image-348 aligncenter\" src=\"http:\/\/www.radioamigavallenar.cl\/wp-content\/uploads\/2016\/05\/Certificacion-300x225.jpg\" alt=\"Certificacion\" width=\"300\" height=\"225\" srcset=\"https:\/\/www.radioamigavallenar.cl\/wp-content\/uploads\/2016\/05\/Certificacion-300x225.jpg 300w, https:\/\/www.radioamigavallenar.cl\/wp-content\/uploads\/2016\/05\/Certificacion.jpg 700w\" sizes=\"auto, (max-width: 300px) 100vw, 300px\" \/><\/a><\/p>\n<p style=\"text-align: justify;\">En compa\u00f1\u00eda de familiares y docentes, cerca de 10 vallenarinos recibieron su certificaci\u00f3n en el curso Pintura de Muros Interiores y Exteriores, ejecutado en el Centro de Reinserci\u00f3n Social de nuestra comuna, a trav\u00e9s del programa Becas de Capacitaci\u00f3n Laboral 2015 \u2013Becas OTIC- desarrollado por el Servicio Nacional de Capacitaci\u00f3n y Empleo \u2013Sence- Atacama.<\/p>\n<p style=\"text-align: justify;\">La ceremonia cont\u00f3 con la presencia de la Seremi de Trabajo y Previsi\u00f3n Social, Dissa Castellani Mart\u00ednez; el director regional de Sence, Mauricio Hidalgo Robledo, el alcalde de la comuna de Vallenar, Cristian Tapia Ramos y personal de la OTEC Inacap, quienes impartieron el curso y registraron un video sobre este proceso de aprendizaje que dieron a conocer durante la ocasi\u00f3n.<\/p>\n<p style=\"text-align: justify;\">\u201cPara nosotros como gobierno esta es una tarea que asumimos con bastante alegr\u00eda, comprendemos que cuando la Presidenta habla de un pa\u00eds m\u00e1s equitativo y justo, quiere decir que todos tengas las mismas oportunidades. As\u00ed es que los invitamos a continuar con esta tarea de creer en lo imposible, este s\u00f3lo fue un primer paso y todo cuesta en la vida, as\u00ed que no dejen de mirar m\u00e1s all\u00e1 de lo que est\u00e1 a su alcance, son j\u00f3venes y tienen un mundo para encaminarse hacia lo que quieren lograr\u201d, mencion\u00f3 la Seremi de Trabajo y Previsi\u00f3n Social, Dissa Castellani.<\/p>\n<p style=\"text-align: justify;\">En la ocasi\u00f3n, el alcalde Cristian Tapia Ramos motiv\u00f3 a cada uno de los beneficiarios a continuar en la b\u00fasqueda de oportunidades, ahora con este plus de haber sido certificados, ya que en estos momentos la I. Municipalidad de Vallenar est\u00e1 insertando un proyecto para construir 175 departamentos, por lo tanto se necesitar\u00e1 mucha mano de obra.<\/p>\n<p style=\"text-align: justify;\">\u201cQuiero sumarme en esta oportunidad con un saludo muy especial y de felicitaciones a todos estos alumnos que quieren emprender un rumbo diferente, adem\u00e1s agradecer a esta pol\u00edtica del Gobierno de la Presidenta Michelle Bachelet y el gobierno regional sum\u00e1ndonos con mucha fuerza porque creemos que en la vida se cometen errores, pero tambi\u00e9n hay una luz de esperanza como esta capacitaci\u00f3n que es tremendamente positiva, por eso solamente invitarlos a que sigan adelante y no duden que de nuestro municipio tendr\u00e1n todo el apoyo\u201d, agreg\u00f3 el alcalde de la comuna de Vallenar.<\/p>\n<p style=\"text-align: justify;\">Cabe destacar que el Programa Becas de Capacitaci\u00f3n Laboral 2015 tiene como objetivo traspasar remanentes de empresas privadas a las OTEC, las cuales administran estos recursos aprobados por el Estado de acuerdo a la Ley SENCE, a trav\u00e9s de cursos de capacitaci\u00f3n, para que estos puedan mejorar las competencias laborales y as\u00ed elevar la competitividad y productividad de las personas favorecidas.<\/p>\n<p style=\"text-align: justify;\">\n<p style=\"text-align: justify;\">\n","protected":false},"excerpt":{"rendered":"<p>En compa\u00f1\u00eda de familiares y docentes, cerca de 10 vallenarinos recibieron su certificaci\u00f3n en el curso Pintura de Muros Interiores y Exteriores, ejecutado en el&hellip; <\/p>\n","protected":false},"author":2,"featured_media":348,"comment_status":"open","ping_status":"closed","sticky":false,"template":"","format":"standard","meta":{"footnotes":""},"categories":[2],"tags":[],"class_list":["post-347","post","type-post","status-publish","format-standard","has-post-thumbnail","hentry","category-vallenar"],"_links":{"self":[{"href":"https:\/\/www.radioamigavallenar.cl\/index.php?rest_route=\/wp\/v2\/posts\/347","targetHints":{"allow":["GET"]}}],"collection":[{"href":"https:\/\/www.radioamigavallenar.cl\/index.php?rest_route=\/wp\/v2\/posts"}],"about":[{"href":"https:\/\/www.radioamigavallenar.cl\/index.php?rest_route=\/wp\/v2\/types\/post"}],"author":[{"embeddable":true,"href":"https:\/\/www.radioamigavallenar.cl\/index.php?rest_route=\/wp\/v2\/users\/2"}],"replies":[{"embeddable":true,"href":"https:\/\/www.radioamigavallenar.cl\/index.php?rest_route=%2Fwp%2Fv2%2Fcomments&post=347"}],"version-history":[{"count":0,"href":"https:\/\/www.radioamigavallenar.cl\/index.php?rest_route=\/wp\/v2\/posts\/347\/revisions"}],"wp:featuredmedia":[{"embeddable":true,"href":"https:\/\/www.radioamigavallenar.cl\/index.php?rest_route=\/wp\/v2\/media\/348"}],"wp:attachment":[{"href":"https:\/\/www.radioamigavallenar.cl\/index.php?rest_route=%2Fwp%2Fv2%2Fmedia&parent=347"}],"wp:term":[{"taxonomy":"category","embeddable":true,"href":"https:\/\/www.radioamigavallenar.cl\/index.php?rest_route=%2Fwp%2Fv2%2Fcategories&post=347"},{"taxonomy":"post_tag","embeddable":true,"href":"https:\/\/www.radioamigavallenar.cl\/index.php?rest_route=%2Fwp%2Fv2%2Ftags&post=347"}],"curies":[{"name":"wp","href":"https:\/\/api.w.org\/{rel}","templated":true}]}}