{"id":34362,"date":"2021-01-06T06:00:50","date_gmt":"2021-01-06T09:00:50","guid":{"rendered":"https:\/\/www.radioamigavallenar.cl\/?p=34362"},"modified":"2021-01-05T21:23:12","modified_gmt":"2021-01-06T00:23:12","slug":"72-estudiantes-de-la-region-aprendieron-de-robotica-impresion-3d-y-emprendimiento-escolar","status":"publish","type":"post","link":"https:\/\/www.radioamigavallenar.cl\/?p=34362","title":{"rendered":"72 estudiantes de la regi\u00f3n aprendieron de rob\u00f3tica, impresi\u00f3n 3D y emprendimiento escolar"},"content":{"rendered":"<p class=\"v1MsoNormal\" align=\"center\"><strong>La iniciativa fue parte del Programa Escolar de desarrollo de las Ciencias y la Tecnolog\u00eda, apoyado por Corfo y financiado por el Gobierno Regional de Atacama.<\/strong><span id=\"more-132476\"><\/span><\/p>\n<p class=\"v1MsoNormal\">72 estudiantes y 29 profesores de 15 establecimientos de Ense\u00f1anza B\u00e1sica y Media de las tres provincias de la Regi\u00f3n de Atacama fueron parte del \u201cPrograma Escolar de desarrollo de las Ciencias y la Tecnolog\u00eda a trav\u00e9s del emprendimiento\u201d, iniciativa apoyada por Corfo y ejecutada por NeoEduca, que acaba de finalizar su implementaci\u00f3n. En el marco de este proyecto, se desarrollaron 20 academias de rob\u00f3tica escolar, capacitando a profesores y estudiantes en rob\u00f3tica, impresi\u00f3n 3D y emprendimiento escolar.<\/p>\n<p class=\"v1MsoNormal\">Al respecto, la Directora Regional de Corfo Atacama, Silvia Zuleta Alfaro, junto con felicitar a los profesores y alumnos que participaron de este proyecto, explic\u00f3 que el objetivo fue \u201cintroducir a los establecimientos educacionales en el desarrollo de proyectos en el \u00e1rea de las ciencias y la tecnolog\u00eda por medio de la rob\u00f3tica, y estuvo dirigido a estudiantes desde segundo ciclo b\u00e1sico hasta ense\u00f1anza media, y a profesores de todas las \u00e1reas que trabajen en esos niveles, con el fin de avanzar en temas de digitalizaci\u00f3n y emprendimientos a temprana edad. Agradecemos al Gobierno Regional y al CORE por creer y apoyar este tipo de iniciativas que nos permitir\u00e1 en el futuro contar con j\u00f3venes m\u00e1s preparados para el desarrollo de emprendimientos tecnol\u00f3gicos e innovadores en Atacama\u201d.<\/p>\n<p class=\"v1MsoNormal\">En el programa, que tuvo car\u00e1cter regional y gratuito, participaron alumnos y alumnas de las provincias de Cha\u00f1aral, Huasco y Copiap\u00f3, donde se entregaron, en total, 62 kit de rob\u00f3tica T-17, 15 impresoras 3D y 30 kilogramos de filamentos. Al respecto, Paola Rocamora, profesional de Noeduca y coordinadora de los profesores del programa, se\u00f1al\u00f3 que \u201ceste material lo que busca es entregar los elementos para que durante el 2021 se puedan seguir desarrollando las academias, porque adem\u00e1s se implementaron 2 plataformas e-learning, cuyo material va a estar disponible durante todo el a\u00f1o 2021. El programa finaliz\u00f3 con una charla con emprendedores para que profesores y estudiantes se dieran cuenta que para emprender es necesario tener una buena idea y las ganas de implementarla\u201d.<\/p>\n<p class=\"v1MsoNormal\" style=\"text-align: center;\"><b>Opini\u00f3n de los docentes<\/b><\/p>\n<p class=\"v1MsoNormal\">Marilyn Rojas, directora de la escuela Gregorio Castillo Mar\u00edn de Vallenar, establecimiento participante del proyecto, se\u00f1al\u00f3 que \u201chemos tenido la gran oportunidad de participar en este proyecto que nos permiti\u00f3 que tanto alumnos como profesores tuvieran la oportunidad de capacitarse en programaci\u00f3n e impresi\u00f3n 3D. Esta capacitaci\u00f3n va a ser replicada al resto de los alumnos, lo que beneficiar\u00e1 a nuestra comunidad educativa, ya que esta gran oportunidad permite a nuestros estudiantes ampliar la mirada de conocimientos tecnol\u00f3gicos y as\u00ed disminuir la brecha digital\u201d.<\/p>\n<p class=\"v1MsoNormal\">Por su parte, la profesora Natalia Berrocal de la Escuela Marta Emiliana Aguilar Zer\u00f3n de Tierra Amarilla, explic\u00f3 que \u201cel adquirir mayores conocimientos sobre rob\u00f3tica nos ha permitido ampliar nuestros conocimientos y a los ni\u00f1os les ha permitido manipular de mejor forma la tecnolog\u00eda y abrir nuevos horizontes en el \u00e1mbito de la innovaci\u00f3n y el emprendimiento. Nosotros esperamos que nuestros alumnos puedan tener una mirada a futuro que les permita ir desarrollando nuevos proyectos para su vida. Agradecemos poder participar de estas iniciativas porque nos ayuda, a nosotros como docentes, a dar otras herramientas y generar nuevas habilidades y aprendizajes en nuestros estudiantes\u201d.<\/p>\n<p class=\"v1MsoNormal\">Esta iniciativa fue parte del Programa Escolar de desarrollo de las Ciencias y la Tecnolog\u00eda, apoyado por Corfo, financiado por el Gobierno Regional de Atacama y ejecutado por NeoEduca, empresa creada por un equipo multidisciplinario de profesionales liderados por profesores de aula al servicio del desarrollo de la rob\u00f3tica como herramienta did\u00e1ctica.<\/p>\n","protected":false},"excerpt":{"rendered":"<p>La iniciativa fue parte del Programa Escolar de desarrollo de las Ciencias y la Tecnolog\u00eda, apoyado por Corfo y financiado por el Gobierno Regional de&hellip; <\/p>\n","protected":false},"author":2,"featured_media":34363,"comment_status":"open","ping_status":"closed","sticky":false,"template":"","format":"standard","meta":{"footnotes":""},"categories":[38],"tags":[],"class_list":["post-34362","post","type-post","status-publish","format-standard","has-post-thumbnail","hentry","category-portada-regional"],"_links":{"self":[{"href":"https:\/\/www.radioamigavallenar.cl\/index.php?rest_route=\/wp\/v2\/posts\/34362","targetHints":{"allow":["GET"]}}],"collection":[{"href":"https:\/\/www.radioamigavallenar.cl\/index.php?rest_route=\/wp\/v2\/posts"}],"about":[{"href":"https:\/\/www.radioamigavallenar.cl\/index.php?rest_route=\/wp\/v2\/types\/post"}],"author":[{"embeddable":true,"href":"https:\/\/www.radioamigavallenar.cl\/index.php?rest_route=\/wp\/v2\/users\/2"}],"replies":[{"embeddable":true,"href":"https:\/\/www.radioamigavallenar.cl\/index.php?rest_route=%2Fwp%2Fv2%2Fcomments&post=34362"}],"version-history":[{"count":1,"href":"https:\/\/www.radioamigavallenar.cl\/index.php?rest_route=\/wp\/v2\/posts\/34362\/revisions"}],"predecessor-version":[{"id":34364,"href":"https:\/\/www.radioamigavallenar.cl\/index.php?rest_route=\/wp\/v2\/posts\/34362\/revisions\/34364"}],"wp:featuredmedia":[{"embeddable":true,"href":"https:\/\/www.radioamigavallenar.cl\/index.php?rest_route=\/wp\/v2\/media\/34363"}],"wp:attachment":[{"href":"https:\/\/www.radioamigavallenar.cl\/index.php?rest_route=%2Fwp%2Fv2%2Fmedia&parent=34362"}],"wp:term":[{"taxonomy":"category","embeddable":true,"href":"https:\/\/www.radioamigavallenar.cl\/index.php?rest_route=%2Fwp%2Fv2%2Fcategories&post=34362"},{"taxonomy":"post_tag","embeddable":true,"href":"https:\/\/www.radioamigavallenar.cl\/index.php?rest_route=%2Fwp%2Fv2%2Ftags&post=34362"}],"curies":[{"name":"wp","href":"https:\/\/api.w.org\/{rel}","templated":true}]}}