{"id":34350,"date":"2021-01-06T06:00:54","date_gmt":"2021-01-06T09:00:54","guid":{"rendered":"https:\/\/www.radioamigavallenar.cl\/?p=34350"},"modified":"2021-01-05T21:12:53","modified_gmt":"2021-01-06T00:12:53","slug":"biministro-jobet-destaca-creacion-de-14-mil-empleos-en-mineria","status":"publish","type":"post","link":"https:\/\/www.radioamigavallenar.cl\/?p=34350","title":{"rendered":"Biministro Jobet destaca creaci\u00f3n de 14 mil empleos en miner\u00eda"},"content":{"rendered":"<p><strong>El secretario de Estado se\u00f1al\u00f3 que este sector econ\u00f3mico ser\u00e1 clave para la recuperaci\u00f3n econ\u00f3mica y valor\u00f3 el esfuerzo que se hizo durante la pandemia para mantener la continuidad operacional en faenas.<\/strong><\/p>\n<p>Como una \u201cbuena noticia\u201d para el pa\u00eds, calific\u00f3 el biministro de Energ\u00eda y Miner\u00eda,\u00a0<strong>Juan Carlos Jobet<\/strong>, los 14 mil empleos recuperados en el sector de la miner\u00eda, que inform\u00f3 la Sociedad Nacional de Miner\u00eda, Sonami.<\/p>\n<p>De acuerdo con la \u00faltima medici\u00f3n, que contempla el trimestre m\u00f3vil septiembre-noviembre de 2020, los puestos de trabajo pasaron de 196.200 (trimestre agosto-octubre) a 199.500, lo que se traduce en la creaci\u00f3n de 3.300 nuevos empleos en el sector. Con esto se totalizan 14 mil nuevos puestos de trabajo m\u00e1s que el registro m\u00e1s bajo del a\u00f1o 2020, que fue entre mayo-julio, lo que representa un crecimiento del 7,6%.<\/p>\n<p>El\u00a0<strong>biministro de Energ\u00eda y Miner\u00eda, Juan Carlos Jobet<\/strong>, asegur\u00f3 que \u201cla miner\u00eda es y seguir\u00e1 siendo una actividad clave para la recuperaci\u00f3n econ\u00f3mica en el periodo post pandemia. Por eso, seguiremos trabajando con la industria para abrir nuevas oportunidades laborales en el pa\u00eds, lo que beneficiar\u00e1 a muchas familias chilenas\u201d.<\/p>\n<p>Jobet tambi\u00e9n valor\u00f3 \u201cel esfuerzo que las empresas y sus trabajadores que con su profesionalismo, y cumpliendo estrictas medidas sanitarias, permitieron mantener la industria operando y amortiguar los efectos de la crisis sanitaria\u201d.<\/p>\n<p>El secretario de Estado explic\u00f3 que \u201cla recuperaci\u00f3n de puestos de trabajo en el sector se debe a la reactivaci\u00f3n de proyectos que estuvieron suspendidos por la propagaci\u00f3n del Covid-19 en el pa\u00eds y\/o la recontrataci\u00f3n de dotaciones que, en su momento, se redujeron para mantener el distanciamiento f\u00edsico en faenas. A lo que se suma el buen precio del cobre durante el 2020, que logr\u00f3 recuperarse desde un m\u00ednimo de US$2,09 la libra en marzo hasta los US$3,5 la libra el 31 de diciembre\u201d.<\/p>\n<p>Los datos de Sonami tambi\u00e9n registran mejoras en las cifras de empleo regionales, ya que mientras la tasa nacional de desempleo baj\u00f3 0,8%, en las regiones de la zona norte fue de un 1,1%.<\/p>\n<p>En el trimestre m\u00f3vil septiembre-noviembre, la tasa de desocupaci\u00f3n en Tarapac\u00e1 disminuy\u00f3 a 8,4%, en Antofagasta retrocedi\u00f3 a 10,2%, y en Coquimbo baj\u00f3 a 12,4%. En Atacama en tanto registr\u00f3 un leve aumento de 11,6% a 11,7%, respecto con la medici\u00f3n anterior.<\/p>\n","protected":false},"excerpt":{"rendered":"<p>El secretario de Estado se\u00f1al\u00f3 que este sector econ\u00f3mico ser\u00e1 clave para la recuperaci\u00f3n econ\u00f3mica y valor\u00f3 el esfuerzo que se hizo durante la pandemia&hellip; <\/p>\n","protected":false},"author":2,"featured_media":30166,"comment_status":"open","ping_status":"closed","sticky":false,"template":"","format":"standard","meta":{"footnotes":""},"categories":[7,34],"tags":[],"class_list":["post-34350","post","type-post","status-publish","format-standard","has-post-thumbnail","hentry","category-atacama","category-mineria"],"_links":{"self":[{"href":"https:\/\/www.radioamigavallenar.cl\/index.php?rest_route=\/wp\/v2\/posts\/34350","targetHints":{"allow":["GET"]}}],"collection":[{"href":"https:\/\/www.radioamigavallenar.cl\/index.php?rest_route=\/wp\/v2\/posts"}],"about":[{"href":"https:\/\/www.radioamigavallenar.cl\/index.php?rest_route=\/wp\/v2\/types\/post"}],"author":[{"embeddable":true,"href":"https:\/\/www.radioamigavallenar.cl\/index.php?rest_route=\/wp\/v2\/users\/2"}],"replies":[{"embeddable":true,"href":"https:\/\/www.radioamigavallenar.cl\/index.php?rest_route=%2Fwp%2Fv2%2Fcomments&post=34350"}],"version-history":[{"count":2,"href":"https:\/\/www.radioamigavallenar.cl\/index.php?rest_route=\/wp\/v2\/posts\/34350\/revisions"}],"predecessor-version":[{"id":34352,"href":"https:\/\/www.radioamigavallenar.cl\/index.php?rest_route=\/wp\/v2\/posts\/34350\/revisions\/34352"}],"wp:featuredmedia":[{"embeddable":true,"href":"https:\/\/www.radioamigavallenar.cl\/index.php?rest_route=\/wp\/v2\/media\/30166"}],"wp:attachment":[{"href":"https:\/\/www.radioamigavallenar.cl\/index.php?rest_route=%2Fwp%2Fv2%2Fmedia&parent=34350"}],"wp:term":[{"taxonomy":"category","embeddable":true,"href":"https:\/\/www.radioamigavallenar.cl\/index.php?rest_route=%2Fwp%2Fv2%2Fcategories&post=34350"},{"taxonomy":"post_tag","embeddable":true,"href":"https:\/\/www.radioamigavallenar.cl\/index.php?rest_route=%2Fwp%2Fv2%2Ftags&post=34350"}],"curies":[{"name":"wp","href":"https:\/\/api.w.org\/{rel}","templated":true}]}}