{"id":34339,"date":"2021-01-06T06:00:47","date_gmt":"2021-01-06T09:00:47","guid":{"rendered":"https:\/\/www.radioamigavallenar.cl\/?p=34339"},"modified":"2021-01-05T21:07:45","modified_gmt":"2021-01-06T00:07:45","slug":"diputados-aprueban-en-general-proyecto-que-permitiria-el-voto-por-correo","status":"publish","type":"post","link":"https:\/\/www.radioamigavallenar.cl\/?p=34339","title":{"rendered":"Diputados aprueban en general proyecto que permitir\u00eda el voto por correo"},"content":{"rendered":"<p><strong>La propuesta incluye un apartado para permitir el sufragio anticipado de personas con problemas de salud, en grupos de riesgo o privadas de libertad.<\/strong><span id=\"more-232496\"><\/span><\/p>\n<p>&nbsp;<\/p>\n<p>La\u00a0<strong>C\u00e1mara de Diputadas y Diputados<\/strong>\u00a0<strong>aprob\u00f3<\/strong>\u00a0en\u00a0<strong>general<\/strong>\u00a0un proyecto de ley que\u00a0<strong>habilita la votaci\u00f3n por correo\u00a0<\/strong>y, adem\u00e1s,\u00a0<strong>el sufragio anticipado\u00a0<\/strong>para personas que se encuentren en situaciones\u00a0<strong>que impidan su asistencia a los centros de votaci\u00f3n.<\/strong><\/p>\n<p>El objeto de ambas disposiciones -que surgen de dos mociones distintas que fueron unidas- es\u00a0<strong>ampliar las posibilidades para e ejercicio del derecho a voto<\/strong>\u00a0a personas que por distintas razones no han podido llevar a la pr\u00e1ctica dicha acci\u00f3n.<\/p>\n<p>El texto de ley pasar\u00e1 a la Comisi\u00f3n de Gobierno e Interior para que los parlamentarios que integran esa instancia revisan indicaciones presentadas por el Ejecutivo, luego de lo cual seguir\u00e1 su camino en el Congreso.<\/p>\n<h2>Los detalles<\/h2>\n<p>La propuesta de voto anticipado consiste hasta el momento en la posibilidad de que un grupo de personas acuda en una fecha distinta a los locales de votaci\u00f3n una semana antes del d\u00eda de la jornada electoral regular. Para poder hacer efectivo dicho proceso deber\u00e1n integrarse a mesas receptoras especiales.<\/p>\n<p>Podr\u00edan tener esta posibilidad los siguientes grupos de personas:<\/p>\n<ul>\n<li>Adultos mayores<\/li>\n<li>Personas que se encuentren en cuarentena por motivos de salud o est\u00e9n en grupos de riesgo.<\/li>\n<li>Personas con problemas de movilidad funcional.<\/li>\n<li>Quienes se encuentren privados de libertad.<\/li>\n<\/ul>\n","protected":false},"excerpt":{"rendered":"<p>La propuesta incluye un apartado para permitir el sufragio anticipado de personas con problemas de salud, en grupos de riesgo o privadas de libertad. &nbsp;&hellip; <\/p>\n","protected":false},"author":2,"featured_media":34340,"comment_status":"open","ping_status":"closed","sticky":false,"template":"","format":"standard","meta":{"footnotes":""},"categories":[37],"tags":[],"class_list":["post-34339","post","type-post","status-publish","format-standard","has-post-thumbnail","hentry","category-nacional"],"_links":{"self":[{"href":"https:\/\/www.radioamigavallenar.cl\/index.php?rest_route=\/wp\/v2\/posts\/34339","targetHints":{"allow":["GET"]}}],"collection":[{"href":"https:\/\/www.radioamigavallenar.cl\/index.php?rest_route=\/wp\/v2\/posts"}],"about":[{"href":"https:\/\/www.radioamigavallenar.cl\/index.php?rest_route=\/wp\/v2\/types\/post"}],"author":[{"embeddable":true,"href":"https:\/\/www.radioamigavallenar.cl\/index.php?rest_route=\/wp\/v2\/users\/2"}],"replies":[{"embeddable":true,"href":"https:\/\/www.radioamigavallenar.cl\/index.php?rest_route=%2Fwp%2Fv2%2Fcomments&post=34339"}],"version-history":[{"count":1,"href":"https:\/\/www.radioamigavallenar.cl\/index.php?rest_route=\/wp\/v2\/posts\/34339\/revisions"}],"predecessor-version":[{"id":34341,"href":"https:\/\/www.radioamigavallenar.cl\/index.php?rest_route=\/wp\/v2\/posts\/34339\/revisions\/34341"}],"wp:featuredmedia":[{"embeddable":true,"href":"https:\/\/www.radioamigavallenar.cl\/index.php?rest_route=\/wp\/v2\/media\/34340"}],"wp:attachment":[{"href":"https:\/\/www.radioamigavallenar.cl\/index.php?rest_route=%2Fwp%2Fv2%2Fmedia&parent=34339"}],"wp:term":[{"taxonomy":"category","embeddable":true,"href":"https:\/\/www.radioamigavallenar.cl\/index.php?rest_route=%2Fwp%2Fv2%2Fcategories&post=34339"},{"taxonomy":"post_tag","embeddable":true,"href":"https:\/\/www.radioamigavallenar.cl\/index.php?rest_route=%2Fwp%2Fv2%2Ftags&post=34339"}],"curies":[{"name":"wp","href":"https:\/\/api.w.org\/{rel}","templated":true}]}}