{"id":34286,"date":"2021-01-04T06:00:47","date_gmt":"2021-01-04T09:00:47","guid":{"rendered":"https:\/\/www.radioamigavallenar.cl\/?p=34286"},"modified":"2021-01-04T13:08:55","modified_gmt":"2021-01-04T16:08:55","slug":"si-la-situacion-sanitaria-empeora-se-retrocede-gobierno-no-descarta-cambios-en-permiso-de-vacaciones","status":"publish","type":"post","link":"https:\/\/www.radioamigavallenar.cl\/?p=34286","title":{"rendered":"\u00abSi la situaci\u00f3n sanitaria empeora se retrocede\u00bb: Gobierno no descarta cambios en permiso de vacaciones"},"content":{"rendered":"<p>Carabineros ha entregado casi 20 mil documentos en las primeras horas de funcionamiento. Desde el Ejecutivo, se\u00f1al\u00f3 la subsecretaria Martorell, esperan que este \u00abse adopte y cumpla en la forma que ha sido establecido\u00bb.<\/p>\n<p>El permiso habilitado para las salidas durante la \u00e9poca estival podr\u00eda enfrentar modificaciones de acuerdo al avance de la pandemia del covid-19.<\/p>\n<p>As\u00ed lo se\u00f1al\u00f3 hoy la subsecretaria de Prevenci\u00f3n del Delito, Katherine Martorell, el mismo d\u00eda que se habilit\u00f3 en la Comisar\u00eda Virtual la entrega del documento que permite los traslados desde y hacia comunas que al menos se encuentren en Fase 2 de Transici\u00f3n.<\/p>\n<p>\u00abAs\u00ed como se entregan libertades si la situaci\u00f3n sanitaria lo permite, si la situaci\u00f3n sanitaria empeora se retrocede. Y esa ha sido la postura que ha tenido el Gobierno de manera permanente en esta materia, por lo que si no est\u00e1n las condiciones para este permiso, se va a tomar la decisi\u00f3n que sea necesaria para resguardar la salud y vida de las personas\u00bb, indic\u00f3 la autoridad.<\/p>\n<p>Durante las primeras horas de funcionamiento, se\u00f1alaba el \u00faltimo reporte de Carabineros, se entregaron m\u00e1s de 19.800 documentos a trav\u00e9s de la plataforma policial.<\/p>\n<p>En esa l\u00ednea, la subsecretaria record\u00f3 que el permiso en cuesti\u00f3n cuenta con ciertas restricciones, como la posibilidad de sacarlo solo una vez entre el 4 de enero y 31 de marzo, y que no podr\u00e1n acceder a este quienes est\u00e9n en cuarentena. Tampoco se puede utilizar para transitar durante horario de toque de queda y permite que el solicitante solo pueda pernoctar en el domicilio se\u00f1alado.<\/p>\n<p>\u00abEsa informaci\u00f3n es adem\u00e1s fiscalizable\u00bb, afirm\u00f3 la autoridad, agregando que, como Gobierno, \u00abesperamos que este permiso se adopte y cumpla en la forma que ha sido establecido\u00bb. Martorell tambi\u00e9n abord\u00f3 los reparos realizados por algunos alcaldes de las comunas que suelen recibir un alto n\u00famero de visitantes durante vacaciones, enfocadas principalmente en la poca participaci\u00f3n que tuvieron en la decisi\u00f3n de crear el permiso.<\/p>\n<p>\u00abNosotros de manera permanente tenemos reuniones con los distintos intendentes de las regiones donde se va a determinando cu\u00e1les son las necesidades de las distintas comunas. Ese es un trabajo que se hace siempre para coordinar las medidas de fiscalizaci\u00f3n y para establecer las medidas especiales que se deben adoptar, tanto desde la perspectiva de la salud como de la fiscalizaci\u00f3n en las regiones, porque las realidades no son iguales\u00bb, cerr\u00f3.<\/p>\n<p>&nbsp;<\/p>\n<p>&nbsp;<\/p>\n","protected":false},"excerpt":{"rendered":"<p>Carabineros ha entregado casi 20 mil documentos en las primeras horas de funcionamiento. Desde el Ejecutivo, se\u00f1al\u00f3 la subsecretaria Martorell, esperan que este \u00abse adopte&hellip; <\/p>\n","protected":false},"author":2,"featured_media":34287,"comment_status":"open","ping_status":"closed","sticky":false,"template":"","format":"standard","meta":{"footnotes":""},"categories":[38],"tags":[],"class_list":["post-34286","post","type-post","status-publish","format-standard","has-post-thumbnail","hentry","category-portada-regional"],"_links":{"self":[{"href":"https:\/\/www.radioamigavallenar.cl\/index.php?rest_route=\/wp\/v2\/posts\/34286","targetHints":{"allow":["GET"]}}],"collection":[{"href":"https:\/\/www.radioamigavallenar.cl\/index.php?rest_route=\/wp\/v2\/posts"}],"about":[{"href":"https:\/\/www.radioamigavallenar.cl\/index.php?rest_route=\/wp\/v2\/types\/post"}],"author":[{"embeddable":true,"href":"https:\/\/www.radioamigavallenar.cl\/index.php?rest_route=\/wp\/v2\/users\/2"}],"replies":[{"embeddable":true,"href":"https:\/\/www.radioamigavallenar.cl\/index.php?rest_route=%2Fwp%2Fv2%2Fcomments&post=34286"}],"version-history":[{"count":1,"href":"https:\/\/www.radioamigavallenar.cl\/index.php?rest_route=\/wp\/v2\/posts\/34286\/revisions"}],"predecessor-version":[{"id":34288,"href":"https:\/\/www.radioamigavallenar.cl\/index.php?rest_route=\/wp\/v2\/posts\/34286\/revisions\/34288"}],"wp:featuredmedia":[{"embeddable":true,"href":"https:\/\/www.radioamigavallenar.cl\/index.php?rest_route=\/wp\/v2\/media\/34287"}],"wp:attachment":[{"href":"https:\/\/www.radioamigavallenar.cl\/index.php?rest_route=%2Fwp%2Fv2%2Fmedia&parent=34286"}],"wp:term":[{"taxonomy":"category","embeddable":true,"href":"https:\/\/www.radioamigavallenar.cl\/index.php?rest_route=%2Fwp%2Fv2%2Fcategories&post=34286"},{"taxonomy":"post_tag","embeddable":true,"href":"https:\/\/www.radioamigavallenar.cl\/index.php?rest_route=%2Fwp%2Fv2%2Ftags&post=34286"}],"curies":[{"name":"wp","href":"https:\/\/api.w.org\/{rel}","templated":true}]}}