{"id":34278,"date":"2021-01-04T06:00:05","date_gmt":"2021-01-04T09:00:05","guid":{"rendered":"https:\/\/www.radioamigavallenar.cl\/?p=34278"},"modified":"2021-01-04T13:09:14","modified_gmt":"2021-01-04T16:09:14","slug":"por-obvias-razones-sanitarias-solo-habra-acto-con-asistencia-reservada-vallenar-conmemora-nuevo-aniversario-de-su-fundacion-sin-tradicional-acto-civico","status":"publish","type":"post","link":"https:\/\/www.radioamigavallenar.cl\/?p=34278","title":{"rendered":"Por obvias razones sanitarias, solo habr\u00e1 acto con asistencia reservada: Vallenar conmemora nuevo aniversario de su fundaci\u00f3n sin tradicional acto c\u00edvico"},"content":{"rendered":"<p>Doscientos treinta y dos a\u00f1os se cumplen este 5 de enero desde que don Ambrosio O`Higgins fundara la villa de Ballenary, seg\u00fan reza el acta redactada en el asiento de Santa Rosa (Freirina) por el secretario sustituto de Gobernaci\u00f3n y Guerra, Ignacio de And\u00eda y Varela.<\/p>\n<p>Tras un recorrido por la zona, el propio Gobernador del Reino de Chile entreg\u00f3 los fundamentos para fundar la Villa de Ballenary en 1789: \u201cPor su clima, por hallarse casi en el promedio de esta jurisdicci\u00f3n y menos expuesta por su distancia a ser sorprendida por el mar, por tener all\u00ed su residencia el cura con una espaciosa iglesia parroquial y algunos vecinos espa\u00f1oles, con salida para los partidos (ciudades) confinantes de Coquimbo y Copiap\u00f3; con caminos buenos y m\u00e1s rectos y abundantes de aguadas que el de la costa que presentemente se trafica y, sobre todo, por la excelencia del terreno de m\u00e1s de 30 cuadras de largo y 7 de ancho, todo de llanura y de siembra, donde el r\u00edo corre encajonado, de modo que se pasa por puente y que en el alto hay un dilatado campo tambi\u00e9n de cultivo y apto para ch\u00e1caras si se le conduce aguas\u201d.<\/p>\n<p>Ambrosio O\u00b4Higgins propuso fundar la villa, aprovechando la existencia de ranchos habitados por ind\u00edgenas y algunos espa\u00f1oles que hab\u00edan decidido apartarse de la comitiva de Valdivia. Para ello orden\u00f3 a su alarife, Pedro Rico, delinear los trazos de la naciente villa, para comenzar la repartici\u00f3n de terrenos.<\/p>\n<p>El historiador Francisco R\u00edos Cort\u00e9s, en su libro \u201cPor las Riberas del Huasco\u201d desmiente la tradicional versi\u00f3n que se\u00f1ala que, al momento de fundar esta ciudad, Ambrosio O\u00b4Higgins la denominara \u201cSan Ambrosio de Ballenary\u201d, sino que simplemente la habr\u00eda llamado \u201cVilla de Vallenar\u201d y, por lo tanto, s\u00f3lo desde la fecha antes se\u00f1alada ostenta con orgullo el patron\u00edmico de San Ambrosio.<\/p>\n<p>Por las razones sanitarias obvias, este a\u00f1o no habr\u00e1 ceremonia c\u00edvica en la Plaza de Armas de la capital del Huasco, donde era tradicional la colocaci\u00f3n de una ofrenda floral en el busto del fundador, sino que una ceremonia con asistencia limitada en el Centro Cultural \u201cV\u00edctor Acosta\u201d.<\/p>\n","protected":false},"excerpt":{"rendered":"<p>Doscientos treinta y dos a\u00f1os se cumplen este 5 de enero desde que don Ambrosio O`Higgins fundara la villa de Ballenary, seg\u00fan reza el acta&hellip; <\/p>\n","protected":false},"author":2,"featured_media":27312,"comment_status":"open","ping_status":"closed","sticky":false,"template":"","format":"standard","meta":{"footnotes":""},"categories":[7],"tags":[],"class_list":["post-34278","post","type-post","status-publish","format-standard","has-post-thumbnail","hentry","category-atacama"],"_links":{"self":[{"href":"https:\/\/www.radioamigavallenar.cl\/index.php?rest_route=\/wp\/v2\/posts\/34278","targetHints":{"allow":["GET"]}}],"collection":[{"href":"https:\/\/www.radioamigavallenar.cl\/index.php?rest_route=\/wp\/v2\/posts"}],"about":[{"href":"https:\/\/www.radioamigavallenar.cl\/index.php?rest_route=\/wp\/v2\/types\/post"}],"author":[{"embeddable":true,"href":"https:\/\/www.radioamigavallenar.cl\/index.php?rest_route=\/wp\/v2\/users\/2"}],"replies":[{"embeddable":true,"href":"https:\/\/www.radioamigavallenar.cl\/index.php?rest_route=%2Fwp%2Fv2%2Fcomments&post=34278"}],"version-history":[{"count":1,"href":"https:\/\/www.radioamigavallenar.cl\/index.php?rest_route=\/wp\/v2\/posts\/34278\/revisions"}],"predecessor-version":[{"id":34279,"href":"https:\/\/www.radioamigavallenar.cl\/index.php?rest_route=\/wp\/v2\/posts\/34278\/revisions\/34279"}],"wp:featuredmedia":[{"embeddable":true,"href":"https:\/\/www.radioamigavallenar.cl\/index.php?rest_route=\/wp\/v2\/media\/27312"}],"wp:attachment":[{"href":"https:\/\/www.radioamigavallenar.cl\/index.php?rest_route=%2Fwp%2Fv2%2Fmedia&parent=34278"}],"wp:term":[{"taxonomy":"category","embeddable":true,"href":"https:\/\/www.radioamigavallenar.cl\/index.php?rest_route=%2Fwp%2Fv2%2Fcategories&post=34278"},{"taxonomy":"post_tag","embeddable":true,"href":"https:\/\/www.radioamigavallenar.cl\/index.php?rest_route=%2Fwp%2Fv2%2Ftags&post=34278"}],"curies":[{"name":"wp","href":"https:\/\/api.w.org\/{rel}","templated":true}]}}