{"id":34275,"date":"2021-01-04T06:00:58","date_gmt":"2021-01-04T09:00:58","guid":{"rendered":"https:\/\/www.radioamigavallenar.cl\/?p=34275"},"modified":"2021-01-04T12:42:02","modified_gmt":"2021-01-04T15:42:02","slug":"colegio-de-periodista-busca-liderar-propuestas-de-cambio-y-union-gremial-en-torno-a-las-comunicaciones","status":"publish","type":"post","link":"https:\/\/www.radioamigavallenar.cl\/?p=34275","title":{"rendered":"Colegio de Periodista busca liderar propuestas de cambio y uni\u00f3n gremial en torno a las comunicaciones"},"content":{"rendered":"<ul>\n<li>Incentivar la participaci\u00f3n y la uni\u00f3n gremial ser\u00e1n uno de los ejes de trabajo de nueva directiva, as\u00ed como la preocupaci\u00f3n por los profesionales no colegiados.<\/li>\n<li>Seguir potenciando el trabajo de comisi\u00f3n de g\u00e9nero \u201cRosario Orrego\u201d, al igual que la comisi\u00f3n de Derechos Humanos y de \u00c9tica, y acercar el gremio a la comunidad, son algunos de sus hitos a trabajar.<\/li>\n<\/ul>\n<p>Nuevamente la regi\u00f3n de Atacama se destaca a nivel nacional, tras la ratificaci\u00f3n en el Consejo Nacional realizado el s\u00e1bado 2 de enero, \u00a0al asumir una nueva directiva del Colegio de Periodistas integrada s\u00f3lo por mujeres, las que estar\u00e1n a cargo de dirigir el gremio durante el periodo 2020-2022, marcando nuevamente un precedente tanto en la regi\u00f3n como en el pa\u00eds. Con la premisa que las comunicaciones no nacen solo de los medios, sino que tambi\u00e9n es importante el rol que desempe\u00f1an los periodistas en servicios p\u00fablicos y empresas privadas, dando a conocer informaci\u00f3n relevante para el desarrollo de las sociedades.<\/p>\n<p>Marcela Toro Gonz\u00e1lez, quien liderar\u00e1 esta nueva directiva se\u00f1al\u00f3 que \u201cnuestro primer llamado a los y las colegas es de unidad, \u00fanica forma que nos permitir\u00e1 fortalecer y hacer crecer nuestro gremio, el que estar\u00e1 al servicio de todos y todas las periodistas de nuestra regi\u00f3n\u201d. Seg\u00fan explic\u00f3 la profesional, \u201clas comunicaciones son importantes, m\u00e1s a\u00fan en estos momentos en que la informaci\u00f3n es vital, por eso promoveremos \u00a0como un prioridad la rigurosidad y el apego a la \u00e9tica, porque nuestra acci\u00f3n abarca todos los sectores de las comunicaciones.\u201d Adem\u00e1s la presidenta del Colegio de periodistas en Atacama, agreg\u00f3 que \u201cdebemos como gremio tener una mayor participaci\u00f3n en diversas \u00e1reas de la sociedad, para ser parte de los temas importantes de Atacama\u201d, indic\u00f3<\/p>\n<p>Esta nueva Directiva la conforman: Marcela Toro Gonz\u00e1lez, como presidenta, quien desde hace m\u00e1s de 6 a\u00f1os se desempe\u00f1a como encargada de comunicaciones de la Seremia de Educaci\u00f3n; Paola Ram\u00edrez Sep\u00falveda en la vicepresidencia; Cecilia Cabrera Poblete como directora del gremio, quien actualmente desarrolla labores comunicacionales en la Junta de Vigilancia de la Cuenca del R\u00edo Huasco y sus Afluentes; Carolina Rivas Guti\u00e9rrez, en el cargo de tesorera, quien desde hace 4 a\u00f1os trabaja en la Seremi de Agricultura de Atacama y Karla Aguirre Abarcia, como secretaria general, quien desde el 2018 es parte de la Seremi de Econom\u00eda, Fomento y Turismo de la Regi\u00f3n.<\/p>\n<p>En cuento al trabajo gremial, su vicepresidenta se\u00f1al\u00f3 que \u201cotra l\u00ednea de trabajo importante que abarcaremos es la descentralizaci\u00f3n, considerando que en la gran mayor\u00eda de las comunas, hay periodistas colegiados y no colegiados que requieren apoyo del gremio, yo misma vivo y trabajo en Vallenar. Queremos trabajar para enaltecer la profesi\u00f3n y a su vez, regresar a los colegiados y no colegiados, a un gremio m\u00e1s social y con mayor participaci\u00f3n en diversas \u00e1reas de nuestra sociedad\u201d, destac\u00f3 Paola Ram\u00edrez Sep\u00falveda.<\/p>\n<p>Dentro de las primeras actividades programadas por la nueva directiva, se encuentra la convocatoria a una Asamblea Regional con las y los colegiados, coordinar reuniones con los periodistas que no pertenecen al gremio para ponerse a disposici\u00f3n de los profesionales, armar los equipos de trabajo como son las comisiones internas del Colegio.<\/p>\n<p>Finalmente la nueva directiva, coincidi\u00f3 en que si bien est\u00e1 compuesta s\u00f3lo por mujeres, es s\u00f3lo una coincidencia y tiene que ver m\u00e1s con la afinidad que tienen sus integrantes que con su g\u00e9nero.<\/p>\n","protected":false},"excerpt":{"rendered":"<p>Incentivar la participaci\u00f3n y la uni\u00f3n gremial ser\u00e1n uno de los ejes de trabajo de nueva directiva, as\u00ed como la preocupaci\u00f3n por los profesionales no&hellip; <\/p>\n","protected":false},"author":2,"featured_media":34276,"comment_status":"open","ping_status":"closed","sticky":false,"template":"","format":"standard","meta":{"footnotes":""},"categories":[7],"tags":[],"class_list":["post-34275","post","type-post","status-publish","format-standard","has-post-thumbnail","hentry","category-atacama"],"_links":{"self":[{"href":"https:\/\/www.radioamigavallenar.cl\/index.php?rest_route=\/wp\/v2\/posts\/34275","targetHints":{"allow":["GET"]}}],"collection":[{"href":"https:\/\/www.radioamigavallenar.cl\/index.php?rest_route=\/wp\/v2\/posts"}],"about":[{"href":"https:\/\/www.radioamigavallenar.cl\/index.php?rest_route=\/wp\/v2\/types\/post"}],"author":[{"embeddable":true,"href":"https:\/\/www.radioamigavallenar.cl\/index.php?rest_route=\/wp\/v2\/users\/2"}],"replies":[{"embeddable":true,"href":"https:\/\/www.radioamigavallenar.cl\/index.php?rest_route=%2Fwp%2Fv2%2Fcomments&post=34275"}],"version-history":[{"count":1,"href":"https:\/\/www.radioamigavallenar.cl\/index.php?rest_route=\/wp\/v2\/posts\/34275\/revisions"}],"predecessor-version":[{"id":34277,"href":"https:\/\/www.radioamigavallenar.cl\/index.php?rest_route=\/wp\/v2\/posts\/34275\/revisions\/34277"}],"wp:featuredmedia":[{"embeddable":true,"href":"https:\/\/www.radioamigavallenar.cl\/index.php?rest_route=\/wp\/v2\/media\/34276"}],"wp:attachment":[{"href":"https:\/\/www.radioamigavallenar.cl\/index.php?rest_route=%2Fwp%2Fv2%2Fmedia&parent=34275"}],"wp:term":[{"taxonomy":"category","embeddable":true,"href":"https:\/\/www.radioamigavallenar.cl\/index.php?rest_route=%2Fwp%2Fv2%2Fcategories&post=34275"},{"taxonomy":"post_tag","embeddable":true,"href":"https:\/\/www.radioamigavallenar.cl\/index.php?rest_route=%2Fwp%2Fv2%2Ftags&post=34275"}],"curies":[{"name":"wp","href":"https:\/\/api.w.org\/{rel}","templated":true}]}}