{"id":34259,"date":"2021-01-04T11:41:51","date_gmt":"2021-01-04T14:41:51","guid":{"rendered":"https:\/\/www.radioamigavallenar.cl\/?p=34259"},"modified":"2021-01-04T11:41:51","modified_gmt":"2021-01-04T14:41:51","slug":"vocera-de-aces-y-prueba-de-transicion-quien-quiera-dar-la-prueba-que-la-de-y-quien-se-quiera-manifestar-que-lo-haga","status":"publish","type":"post","link":"https:\/\/www.radioamigavallenar.cl\/?p=34259","title":{"rendered":"Vocera de ACES y Prueba de Transici\u00f3n: \u201cQuien quiera dar la prueba que la d\u00e9, y quien se quiera manifestar que lo haga\u201d"},"content":{"rendered":"<p>Catalina Garay calific\u00f3 como \u201cviolentas\u201d y \u201cbrutales\u201d las detenciones de estudiantes secundarios y un camar\u00f3grafo de televisi\u00f3n de este lunes en las afueras del Mineduc.<\/p>\n<p>La vocera de la Asamblea Coordinadora de Estudiantes Secundarios (<strong>ACES<\/strong>),\u00a0<strong>Catalina Garay<\/strong>, se refiri\u00f3 a la\u00a0<strong>toma<\/strong>\u00a0del Ministerio de Educaci\u00f3n (<strong>Mineduc<\/strong>)\u00a0este lunes por la\u00a0Prueba de Transici\u00f3n (<strong>PDT<\/strong>)\u00a0para la admisi\u00f3n a la educaci\u00f3n superior, que comenz\u00f3 a las 10:00 horas de esta jornada.<\/p>\n<p>\u201cHoy nos encontr\u00e1bamos fuera del Ministerio de Educaci\u00f3n, ya que est\u00e1bamos denunciando que no ha cumplido con sus responsabilidades pol\u00edticas y educacionales\u201d<\/p>\n<p>Nueve estudiantes fueron aprehendidos en la manifestaci\u00f3n. \u201cLos compa\u00f1eros fueron\u00a0<strong>detenidos violentamente<\/strong>, tambi\u00e9n hubo un\u00a0<strong>camar\u00f3grafo<\/strong>\u00a0de CNN que fue detenido por estar grabando las detenciones violentas\u201d, destac\u00f3 la joven.<\/p>\n<p>\u201c<strong>Le doblaron el brazo a un compa\u00f1ero<\/strong>, necesitaron tomar a\u00a0<strong>una compa\u00f1era entre cinco carabineros<\/strong>\u00a0de una forma s\u00faper brutal para subirla al reten.\u00a0<strong>Fue s\u00faper brutal la detenci\u00f3n<\/strong>\u201c, espet\u00f3.<\/p>\n<p>De igual forma, Garay expres\u00f3: \u201cNosotros<strong>\u00a0hacemos el llamado a manifestarnos<\/strong>, tambi\u00e9n vamos a estar manifest\u00e1ndonos de diferentes formas, son manifestaciones totalmente leg\u00edtimas\u201d.<\/p>\n<p>\u201cTambi\u00e9n hacemos el llamado a que<strong>\u00a0quien quiera dar la prueba que la d\u00e9, y quien se quiera manifestar que lo haga<\/strong>\u201c, agreg\u00f3.<\/p>\n<p>\u201cHay diferentes formas de manifestarse. Hoy puedes tirar un panfleto, una pancarta, puedes ocupar una mascarilla denunciando que este sistema es mercantil, porque tambi\u00e9n\u00a0<strong>sabemos qu\u00e9 es la ansiedad de esta prueba<\/strong>\u00a0y es mucha m\u00e1s la ansiedad que ha provocado el s<strong>istema militarizando los liceos<\/strong>\u201c, afirm\u00f3.<\/p>\n<p>\u201cHoy en d\u00eda hay un despliegue de 6 mil carabineros, entonces\u00a0<strong>hay plata para pagarle a 6 mil carabineros un despliegue y para militarizar colegios, pero no hay plata para el acceso universal<\/strong>. Esa es la gran duda que tenemos, cu\u00e1l es la prioridad de la educaci\u00f3n que tienen\u201d, se\u00f1al\u00f3 la vocera de la ACES.<\/p>\n<p>\u201c<strong>Si la educaci\u00f3n no es la principal inversi\u00f3n de una sociedad y del Estado, qu\u00e9 tipo de pa\u00eds estamos construyendo<\/strong>. Hoy d\u00eda estamos construyendo un pa\u00eds en donde aumenta el presupuesto en represi\u00f3n, en compra de armamento y se baja el presupuesto en cuanto al tema educativo\u201d, concluy\u00f3.<\/p>\n<p>Cabe recordar que desde la ACES piden<strong>\u00a0acceso universal y gratuito<\/strong>\u00a0para la educaci\u00f3n superior, y proponen un\u00a0<strong>sistema\u00a0h\u00edbrido entre bachillerato y proped\u00e9utico<\/strong>.<\/p>\n","protected":false},"excerpt":{"rendered":"<p>Catalina Garay calific\u00f3 como \u201cviolentas\u201d y \u201cbrutales\u201d las detenciones de estudiantes secundarios y un camar\u00f3grafo de televisi\u00f3n de este lunes en las afueras del Mineduc.&hellip; <\/p>\n","protected":false},"author":2,"featured_media":34260,"comment_status":"open","ping_status":"closed","sticky":false,"template":"","format":"standard","meta":{"footnotes":""},"categories":[37],"tags":[],"class_list":["post-34259","post","type-post","status-publish","format-standard","has-post-thumbnail","hentry","category-nacional"],"_links":{"self":[{"href":"https:\/\/www.radioamigavallenar.cl\/index.php?rest_route=\/wp\/v2\/posts\/34259","targetHints":{"allow":["GET"]}}],"collection":[{"href":"https:\/\/www.radioamigavallenar.cl\/index.php?rest_route=\/wp\/v2\/posts"}],"about":[{"href":"https:\/\/www.radioamigavallenar.cl\/index.php?rest_route=\/wp\/v2\/types\/post"}],"author":[{"embeddable":true,"href":"https:\/\/www.radioamigavallenar.cl\/index.php?rest_route=\/wp\/v2\/users\/2"}],"replies":[{"embeddable":true,"href":"https:\/\/www.radioamigavallenar.cl\/index.php?rest_route=%2Fwp%2Fv2%2Fcomments&post=34259"}],"version-history":[{"count":1,"href":"https:\/\/www.radioamigavallenar.cl\/index.php?rest_route=\/wp\/v2\/posts\/34259\/revisions"}],"predecessor-version":[{"id":34261,"href":"https:\/\/www.radioamigavallenar.cl\/index.php?rest_route=\/wp\/v2\/posts\/34259\/revisions\/34261"}],"wp:featuredmedia":[{"embeddable":true,"href":"https:\/\/www.radioamigavallenar.cl\/index.php?rest_route=\/wp\/v2\/media\/34260"}],"wp:attachment":[{"href":"https:\/\/www.radioamigavallenar.cl\/index.php?rest_route=%2Fwp%2Fv2%2Fmedia&parent=34259"}],"wp:term":[{"taxonomy":"category","embeddable":true,"href":"https:\/\/www.radioamigavallenar.cl\/index.php?rest_route=%2Fwp%2Fv2%2Fcategories&post=34259"},{"taxonomy":"post_tag","embeddable":true,"href":"https:\/\/www.radioamigavallenar.cl\/index.php?rest_route=%2Fwp%2Fv2%2Ftags&post=34259"}],"curies":[{"name":"wp","href":"https:\/\/api.w.org\/{rel}","templated":true}]}}