{"id":34257,"date":"2021-01-04T11:36:00","date_gmt":"2021-01-04T14:36:00","guid":{"rendered":"https:\/\/www.radioamigavallenar.cl\/?p=34257"},"modified":"2021-01-04T11:36:00","modified_gmt":"2021-01-04T14:36:00","slug":"son-muy-buenas-noticias-gobierno-destaca-primer-imacec-positivo-en-8-meses-de-la-mano-de-comercio","status":"publish","type":"post","link":"https:\/\/www.radioamigavallenar.cl\/?p=34257","title":{"rendered":"\u00abSon muy buenas noticias\u00bb: Gobierno destaca primer Imacec positivo en 8 meses de la mano de comercio"},"content":{"rendered":"<p>El Gobierno, en voz del ministro de Econom\u00eda,\u00a0<strong>Lucas Palacios<\/strong>, celebr\u00f3 el \u00cdndice Mensual de Actividad Econ\u00f3mica (Imacec) correspondiente al mes de noviembre de 2020, el cual creci\u00f3\u00a0<strong>0,3%<\/strong>.<\/p>\n<p>Se trat\u00f3 del primer registro positivo tras ocho meses de ca\u00eddas producto de la crisis sanitaria. Los mayores desplomes fueron durante abril y mayo (14,1% y 15,3%, respectivamente).<\/p>\n<p><strong>\u201cMuy buenas noticias.<\/strong>\u00a0En noviembre la econom\u00eda volvi\u00f3 a crecer en 12 meses, algo que no ocurr\u00eda desde febrero de 2020\u2033, coment\u00f3 Palacios.<\/p>\n<p>La autoridad destac\u00f3 que el Imacec total haya crecido 0,3% interanual en noviembre de la mano de la\u00a0<strong>actividad del comercio y la industria.<\/strong><\/p>\n<p>\u201cSi comparamos la actividad econ\u00f3mica de noviembre, respecto del mes inmediatamente anterior, el Imacec creci\u00f3 1,1% y el Imacec no minero aument\u00f3 1,4%,\u00a0<strong>retomando la tendencia al alza iniciada en junio<\/strong>, que se interrumpi\u00f3 transitoriamente en octubre. Esto tambi\u00e9n es muy positivo\u201d, agreg\u00f3.<\/p>\n","protected":false},"excerpt":{"rendered":"<p>El Gobierno, en voz del ministro de Econom\u00eda,\u00a0Lucas Palacios, celebr\u00f3 el \u00cdndice Mensual de Actividad Econ\u00f3mica (Imacec) correspondiente al mes de noviembre de 2020, el&hellip; <\/p>\n","protected":false},"author":2,"featured_media":31777,"comment_status":"open","ping_status":"closed","sticky":false,"template":"","format":"standard","meta":{"footnotes":""},"categories":[37],"tags":[],"class_list":["post-34257","post","type-post","status-publish","format-standard","has-post-thumbnail","hentry","category-nacional"],"_links":{"self":[{"href":"https:\/\/www.radioamigavallenar.cl\/index.php?rest_route=\/wp\/v2\/posts\/34257","targetHints":{"allow":["GET"]}}],"collection":[{"href":"https:\/\/www.radioamigavallenar.cl\/index.php?rest_route=\/wp\/v2\/posts"}],"about":[{"href":"https:\/\/www.radioamigavallenar.cl\/index.php?rest_route=\/wp\/v2\/types\/post"}],"author":[{"embeddable":true,"href":"https:\/\/www.radioamigavallenar.cl\/index.php?rest_route=\/wp\/v2\/users\/2"}],"replies":[{"embeddable":true,"href":"https:\/\/www.radioamigavallenar.cl\/index.php?rest_route=%2Fwp%2Fv2%2Fcomments&post=34257"}],"version-history":[{"count":1,"href":"https:\/\/www.radioamigavallenar.cl\/index.php?rest_route=\/wp\/v2\/posts\/34257\/revisions"}],"predecessor-version":[{"id":34258,"href":"https:\/\/www.radioamigavallenar.cl\/index.php?rest_route=\/wp\/v2\/posts\/34257\/revisions\/34258"}],"wp:featuredmedia":[{"embeddable":true,"href":"https:\/\/www.radioamigavallenar.cl\/index.php?rest_route=\/wp\/v2\/media\/31777"}],"wp:attachment":[{"href":"https:\/\/www.radioamigavallenar.cl\/index.php?rest_route=%2Fwp%2Fv2%2Fmedia&parent=34257"}],"wp:term":[{"taxonomy":"category","embeddable":true,"href":"https:\/\/www.radioamigavallenar.cl\/index.php?rest_route=%2Fwp%2Fv2%2Fcategories&post=34257"},{"taxonomy":"post_tag","embeddable":true,"href":"https:\/\/www.radioamigavallenar.cl\/index.php?rest_route=%2Fwp%2Fv2%2Ftags&post=34257"}],"curies":[{"name":"wp","href":"https:\/\/api.w.org\/{rel}","templated":true}]}}