{"id":34255,"date":"2021-01-04T11:02:28","date_gmt":"2021-01-04T14:02:28","guid":{"rendered":"https:\/\/www.radioamigavallenar.cl\/?p=34255"},"modified":"2021-01-04T11:02:28","modified_gmt":"2021-01-04T14:02:28","slug":"dolar-arranca-el-2021-agudizando-su-caida-y-podria-bajar-de-los-700","status":"publish","type":"post","link":"https:\/\/www.radioamigavallenar.cl\/?p=34255","title":{"rendered":"D\u00f3lar arranca el 2021 agudizando su ca\u00edda y podr\u00eda bajar de los $700"},"content":{"rendered":"<p>El\u00a0<strong>d\u00f3lar<\/strong>\u00a0parti\u00f3 el 2021 cotiz\u00e1ndose a la baja y agudizando a\u00fan m\u00e1s sus ca\u00eddas de los \u00faltimos d\u00edas, con\u00a0<strong>casi $7 menos<\/strong>\u00a0que su cierre de 2020.<\/p>\n<p>La divisa parti\u00f3 la jornada cayendo un 0,77% y ubic\u00e1ndose en los\u00a0<strong>$704,55<\/strong>, completamente acoplado al d\u00f3lar \u00edndex que se debilita a nivel internacional, cayendo un 0,50%.<\/p>\n<p>Francisco Rom\u00e1n, analista de mercados de XTB Latam, coment\u00f3 que incluso el d\u00f3lar\u00a0<strong>podr\u00eda caer de los $700<\/strong>: prev\u00e9 que fluct\u00fae en torno a los\u00a0<strong>$695 como soporte y los $711 como resistencia<\/strong>, \u201cya que vemos un cotizaci\u00f3n sobre los 3,55 usd\/lb en el cobre, adem\u00e1s de un d\u00f3lar \u00edndex que se sigue debilitando en el mercado, lo que nos da a entender que el d\u00eda de hoy el tipo de cambio debe ir a la baja\u201d.<\/p>\n<p>El\u00a0<strong>cobre<\/strong>, cabe detallar, cotiz\u00f3 al alza subiendo un 2,29% y ubic\u00e1ndose en los U$3,589 la libra.<\/p>\n<p>En el plano local, este lunes el Banco Central de Chile (BCCh) inform\u00f3 el\u00a0<strong>\u00cdndice Mensual de Actividad Econ\u00f3mica (Imacec)<\/strong>\u00a0correspondiente al mes de noviembre de 2020, el cual creci\u00f3\u00a0<strong>0,3%<\/strong>\u00a0en comparaci\u00f3n con igual mes del a\u00f1o anterior.<\/p>\n<p>Se trat\u00f3 del\u00a0<strong>primer registro positivo tras ocho meses de ca\u00eddas<\/strong>\u00a0producto de la crisis sanitaria.<\/p>\n<p>Rom\u00e1n coment\u00f3 que el d\u00f3lar est\u00e1 perdiendo posiciones debido principalmente al\u00a0<strong>aumento de las cifras de casos de covid-19 en Estados Unidos<\/strong>\u00a0y al avance de la vacunaci\u00f3n \u201cque ha sido m\u00e1s lento de lo previsto, dejando a unos 2,8 millones de estadounidenses vacunados antes del 31 de diciembre, muy por debajo del objetivo de 20 millones\u201d.<\/p>\n<p>La media de casos en ese pa\u00eds asciende a unos 186.000 al d\u00eda, descendiendo frente al peak registrado a mediados de diciembre en m\u00e1s de 218.000 nuevas infecciones cada d\u00eda.<\/p>\n<p>\u201cLos funcionarios de salud han advertido que es probable que\u00a0<strong>los casos vuelvan a aumentar despu\u00e9s de las reuniones navide\u00f1as\u201d<\/strong>, finaliz\u00f3 el experto de XTB Latam.<\/p>\n","protected":false},"excerpt":{"rendered":"<p>El\u00a0d\u00f3lar\u00a0parti\u00f3 el 2021 cotiz\u00e1ndose a la baja y agudizando a\u00fan m\u00e1s sus ca\u00eddas de los \u00faltimos d\u00edas, con\u00a0casi $7 menos\u00a0que su cierre de 2020. La&hellip; <\/p>\n","protected":false},"author":2,"featured_media":33029,"comment_status":"open","ping_status":"closed","sticky":false,"template":"","format":"standard","meta":{"footnotes":""},"categories":[37],"tags":[],"class_list":["post-34255","post","type-post","status-publish","format-standard","has-post-thumbnail","hentry","category-nacional"],"_links":{"self":[{"href":"https:\/\/www.radioamigavallenar.cl\/index.php?rest_route=\/wp\/v2\/posts\/34255","targetHints":{"allow":["GET"]}}],"collection":[{"href":"https:\/\/www.radioamigavallenar.cl\/index.php?rest_route=\/wp\/v2\/posts"}],"about":[{"href":"https:\/\/www.radioamigavallenar.cl\/index.php?rest_route=\/wp\/v2\/types\/post"}],"author":[{"embeddable":true,"href":"https:\/\/www.radioamigavallenar.cl\/index.php?rest_route=\/wp\/v2\/users\/2"}],"replies":[{"embeddable":true,"href":"https:\/\/www.radioamigavallenar.cl\/index.php?rest_route=%2Fwp%2Fv2%2Fcomments&post=34255"}],"version-history":[{"count":1,"href":"https:\/\/www.radioamigavallenar.cl\/index.php?rest_route=\/wp\/v2\/posts\/34255\/revisions"}],"predecessor-version":[{"id":34256,"href":"https:\/\/www.radioamigavallenar.cl\/index.php?rest_route=\/wp\/v2\/posts\/34255\/revisions\/34256"}],"wp:featuredmedia":[{"embeddable":true,"href":"https:\/\/www.radioamigavallenar.cl\/index.php?rest_route=\/wp\/v2\/media\/33029"}],"wp:attachment":[{"href":"https:\/\/www.radioamigavallenar.cl\/index.php?rest_route=%2Fwp%2Fv2%2Fmedia&parent=34255"}],"wp:term":[{"taxonomy":"category","embeddable":true,"href":"https:\/\/www.radioamigavallenar.cl\/index.php?rest_route=%2Fwp%2Fv2%2Fcategories&post=34255"},{"taxonomy":"post_tag","embeddable":true,"href":"https:\/\/www.radioamigavallenar.cl\/index.php?rest_route=%2Fwp%2Fv2%2Ftags&post=34255"}],"curies":[{"name":"wp","href":"https:\/\/api.w.org\/{rel}","templated":true}]}}