{"id":34252,"date":"2021-01-04T10:27:45","date_gmt":"2021-01-04T13:27:45","guid":{"rendered":"https:\/\/www.radioamigavallenar.cl\/?p=34252"},"modified":"2021-01-04T10:27:45","modified_gmt":"2021-01-04T13:27:45","slug":"diputado-presentara-proyecto-para-que-vacuna-contra-la-covid-sea-obligatoria-en-chile","status":"publish","type":"post","link":"https:\/\/www.radioamigavallenar.cl\/?p=34252","title":{"rendered":"Diputado presentar\u00e1 proyecto para que vacuna contra la covid sea obligatoria en Chile"},"content":{"rendered":"<p>El diputado democratacristiano,\u00a0<strong>Gabriel Silber<\/strong>, buscar\u00e1 que una ley vuelva obligatoria la vacuna contra la covid-19 en nuestro pa\u00eds, buscando frenar en seco el avance de la pandemia.<\/p>\n<p>El legislador presentar\u00e1 este martes un proyecto de ley para hacer obligatoria la vacunaci\u00f3n contra el nuevo coronavirus<strong>\u00a0\u201cya que la \u00fanica forma de lograr una efectiva inmunizaci\u00f3n en todo Chile es que todos los habitantes del pa\u00eds reciban la inmunizaci\u00f3n contra esta pandemia que ha cobrado casi 20 mil muertos\u201d<\/strong>.<\/p>\n<p>El diputado Silber record\u00f3 que \u201cel C\u00f3digo Sanitario, en su art\u00edculo 33 ya establece la obligatoriedad de vacunaci\u00f3n contra algunas enfermedades,\u00a0<strong>debido justamente a su alta tasa de transmisi\u00f3n y riesgo de mortalidad.\u00a0<\/strong>Ambas condicionantes se dan para el covid 19, y siguiendo la misma l\u00f3gica, es necesario incorporar la vacunaci\u00f3n contra esta enfermedad, con las excepciones que el mismo c\u00f3digo se\u00f1ala\u201d.<\/p>\n<p>\u201cAdem\u00e1s debemos recordar que desde 1978, Chile cuenta con un\u00a0<strong>Programa Nacional de Inmunizaciones<\/strong>, que incluye vacunas obligatorias contra la Tuberculosis, la Hepatitis B, la vacuna Hexavalente y Neumoc\u00f3cica que protege contra la Hepatitis B, difteria, t\u00e9tanos, tos convulsiva, enfermedades invasoras H. influenzae tipo (Hib) y poliomilitis, que han ayudado a prevenir y erradicar muchas enfermedades y disminuido la mortalidad infantil\u201d.<\/p>\n<p>\u201cPor eso, creemos que es importante que al igual que con las otras inmunizaciones obligatorias, se incluya al Covid dentro de esta lista de vacunas obligatorias\u201d<\/p>\n<p>El diputado Silber agreg\u00f3 que \u201cel Presidente de la Rep\u00fablica tiene la facultad para establecer esta vacunaci\u00f3n obligatoria contra el covid-19, pero como no lo hace, es necesario modificar el C\u00f3digo Sanitario para establecer esta obligatoriedad\u201d.<\/p>\n<p>\u201cAdem\u00e1s, hay que considerar que en poco tiempo m\u00e1s ya estar\u00e1 disponible la vacuna Cinovac, de China, de la cual llegar\u00e1n 5 millones de dosis y al 1 de marzo, 5 millones m\u00e1s, que tiene un manejo mucho menos complejo que la de Pfizer y que se podr\u00eda comenzar a inocular de manera r\u00e1pida\u201d.<\/p>\n","protected":false},"excerpt":{"rendered":"<p>El diputado democratacristiano,\u00a0Gabriel Silber, buscar\u00e1 que una ley vuelva obligatoria la vacuna contra la covid-19 en nuestro pa\u00eds, buscando frenar en seco el avance de&hellip; <\/p>\n","protected":false},"author":2,"featured_media":34253,"comment_status":"open","ping_status":"closed","sticky":false,"template":"","format":"standard","meta":{"footnotes":""},"categories":[37],"tags":[],"class_list":["post-34252","post","type-post","status-publish","format-standard","has-post-thumbnail","hentry","category-nacional"],"_links":{"self":[{"href":"https:\/\/www.radioamigavallenar.cl\/index.php?rest_route=\/wp\/v2\/posts\/34252","targetHints":{"allow":["GET"]}}],"collection":[{"href":"https:\/\/www.radioamigavallenar.cl\/index.php?rest_route=\/wp\/v2\/posts"}],"about":[{"href":"https:\/\/www.radioamigavallenar.cl\/index.php?rest_route=\/wp\/v2\/types\/post"}],"author":[{"embeddable":true,"href":"https:\/\/www.radioamigavallenar.cl\/index.php?rest_route=\/wp\/v2\/users\/2"}],"replies":[{"embeddable":true,"href":"https:\/\/www.radioamigavallenar.cl\/index.php?rest_route=%2Fwp%2Fv2%2Fcomments&post=34252"}],"version-history":[{"count":1,"href":"https:\/\/www.radioamigavallenar.cl\/index.php?rest_route=\/wp\/v2\/posts\/34252\/revisions"}],"predecessor-version":[{"id":34254,"href":"https:\/\/www.radioamigavallenar.cl\/index.php?rest_route=\/wp\/v2\/posts\/34252\/revisions\/34254"}],"wp:featuredmedia":[{"embeddable":true,"href":"https:\/\/www.radioamigavallenar.cl\/index.php?rest_route=\/wp\/v2\/media\/34253"}],"wp:attachment":[{"href":"https:\/\/www.radioamigavallenar.cl\/index.php?rest_route=%2Fwp%2Fv2%2Fmedia&parent=34252"}],"wp:term":[{"taxonomy":"category","embeddable":true,"href":"https:\/\/www.radioamigavallenar.cl\/index.php?rest_route=%2Fwp%2Fv2%2Fcategories&post=34252"},{"taxonomy":"post_tag","embeddable":true,"href":"https:\/\/www.radioamigavallenar.cl\/index.php?rest_route=%2Fwp%2Fv2%2Ftags&post=34252"}],"curies":[{"name":"wp","href":"https:\/\/api.w.org\/{rel}","templated":true}]}}