{"id":34250,"date":"2021-01-04T10:15:29","date_gmt":"2021-01-04T13:15:29","guid":{"rendered":"https:\/\/www.radioamigavallenar.cl\/?p=34250"},"modified":"2021-01-04T10:15:29","modified_gmt":"2021-01-04T13:15:29","slug":"diputada-cid-busca-sancionar-mutilacion-o-intervencion-quirurgica-en-animales-con-fines-no-medicinales","status":"publish","type":"post","link":"https:\/\/www.radioamigavallenar.cl\/?p=34250","title":{"rendered":"Diputada Cid busca sancionar mutilaci\u00f3n o intervenci\u00f3n quir\u00fargica en animales con fines no medicinales"},"content":{"rendered":"<p>Iniciativa considera incluso penas de c\u00e1rcel a due\u00f1os de animales que realicen \u00a0intervenciones quir\u00fargicas en sus mascotas con fines no medicinales \u00a0y producto de aquello, se desencadene la muerte del animal.<\/p>\n<p>La diputada \u00a0Sof\u00eda Cid junto a un grupo de diputados de la Bancada de Renovaci\u00f3n Nacional present\u00f3 un proyecto de ley que busca sancionar penalmente a cualquier persona que realice una intervenci\u00f3n quir\u00fargica o practique cualquier otra mutilaci\u00f3n a una mascota, o animal de compa\u00f1\u00eda con \u00a0fines que no sean medicinales.<\/p>\n<p>Consultada sobre el proyecto, la parlamentaria explic\u00f3 algunos argumentos que la impulsaron a presentar la iniciativa. \u00a0\u201cEn Chile tenemos la ley Cholito que busca evitar el dolor en nuestros animales. Sin embargo, cortarles las orejas a un perro, o su cola, genera dolor y sufrimiento. Adem\u00e1s en Chile a\u00fan pasa que en algunos lugares le sacan las u\u00f1as de los gatos, pero eso adem\u00e1s de generar un dolor a las mascotas, le genera un estado de depresi\u00f3n donde adem\u00e1s \u00a0no pueden defenderse\u201d.<\/p>\n<p>De esta forma, Cid detall\u00f3 la propuesta de aumento de sanciones: \u201cEl proyecto establece sanciones que van desde 61 d\u00edas a 3 a\u00f1os y multa de 10 a 30 utm m\u00e1s la inhabilidad para tener mascota. Si hay muerte la sanci\u00f3n es de 541 d\u00edas a 3 a\u00f1os , y multa de 20 \u00a0a 30 utm m\u00e1s inhabilitaci\u00f3n tener mascota de compa\u00f1\u00eda\u201d<\/p>\n<p>\u201cMe parece importante avanzar en esta l\u00ednea. Creo que tuvimos un gran paso \u00a0con la Ley Cholito y ahora podemos perfeccionarla con esta nueva propuesta que busca desincentivar pr\u00e1cticas que a nuestro parecer provocan dolor y sufrimiento innecesarios a los animales\u201d, agreg\u00f3 m\u00e1s tarde.<\/p>\n","protected":false},"excerpt":{"rendered":"<p>Iniciativa considera incluso penas de c\u00e1rcel a due\u00f1os de animales que realicen \u00a0intervenciones quir\u00fargicas en sus mascotas con fines no medicinales \u00a0y producto de aquello,&hellip; <\/p>\n","protected":false},"author":2,"featured_media":33034,"comment_status":"open","ping_status":"closed","sticky":false,"template":"","format":"standard","meta":{"footnotes":""},"categories":[7],"tags":[],"class_list":["post-34250","post","type-post","status-publish","format-standard","has-post-thumbnail","hentry","category-atacama"],"_links":{"self":[{"href":"https:\/\/www.radioamigavallenar.cl\/index.php?rest_route=\/wp\/v2\/posts\/34250","targetHints":{"allow":["GET"]}}],"collection":[{"href":"https:\/\/www.radioamigavallenar.cl\/index.php?rest_route=\/wp\/v2\/posts"}],"about":[{"href":"https:\/\/www.radioamigavallenar.cl\/index.php?rest_route=\/wp\/v2\/types\/post"}],"author":[{"embeddable":true,"href":"https:\/\/www.radioamigavallenar.cl\/index.php?rest_route=\/wp\/v2\/users\/2"}],"replies":[{"embeddable":true,"href":"https:\/\/www.radioamigavallenar.cl\/index.php?rest_route=%2Fwp%2Fv2%2Fcomments&post=34250"}],"version-history":[{"count":1,"href":"https:\/\/www.radioamigavallenar.cl\/index.php?rest_route=\/wp\/v2\/posts\/34250\/revisions"}],"predecessor-version":[{"id":34251,"href":"https:\/\/www.radioamigavallenar.cl\/index.php?rest_route=\/wp\/v2\/posts\/34250\/revisions\/34251"}],"wp:featuredmedia":[{"embeddable":true,"href":"https:\/\/www.radioamigavallenar.cl\/index.php?rest_route=\/wp\/v2\/media\/33034"}],"wp:attachment":[{"href":"https:\/\/www.radioamigavallenar.cl\/index.php?rest_route=%2Fwp%2Fv2%2Fmedia&parent=34250"}],"wp:term":[{"taxonomy":"category","embeddable":true,"href":"https:\/\/www.radioamigavallenar.cl\/index.php?rest_route=%2Fwp%2Fv2%2Fcategories&post=34250"},{"taxonomy":"post_tag","embeddable":true,"href":"https:\/\/www.radioamigavallenar.cl\/index.php?rest_route=%2Fwp%2Fv2%2Ftags&post=34250"}],"curies":[{"name":"wp","href":"https:\/\/api.w.org\/{rel}","templated":true}]}}