{"id":34247,"date":"2021-01-04T10:14:43","date_gmt":"2021-01-04T13:14:43","guid":{"rendered":"https:\/\/www.radioamigavallenar.cl\/?p=34247"},"modified":"2021-01-04T10:14:43","modified_gmt":"2021-01-04T13:14:43","slug":"jardines-infantiles-de-junji-atacama-recibieron-nuevamente-a-los-parvulos-y-sus-familias","status":"publish","type":"post","link":"https:\/\/www.radioamigavallenar.cl\/?p=34247","title":{"rendered":"Jardines infantiles de JUNJI Atacama recibieron nuevamente a los p\u00e1rvulos y sus familias."},"content":{"rendered":"<p><strong>12 jardines en la regi\u00f3n reabrieron sus puertas para recibir a los ni\u00f1os y ni\u00f1as de familias que necesitaban contar con jard\u00edn infantil, recibiendo un total de 17 p\u00e1rvulos<\/strong><em>.<\/em><span id=\"more-232293\"><\/span><\/p>\n<p>&nbsp;<\/p>\n<p>Tras el paso de la regi\u00f3n a fase 4 y luego de un proceso de levantamiento de informaci\u00f3n para conocer la necesidad de atenci\u00f3n de los padres y apoderados de JUNJI en Atacama, se decidi\u00f3 reabrir 12 jardines infantiles para entregar atenci\u00f3n inicial a los hijos e hijas de familias que necesitaban con urgencia contar con el jard\u00edn infantil para sus ni\u00f1os por no contar con una red de apoyo y tener la obligaci\u00f3n de volver a sus trabajos de manera presencial.<\/p>\n<p>Es en ese contexto que JUNJI Atacama, cumpliendo con las medidas de higiene y seguridad solicitadas por la autoridad sanitaria y el Ministerio de Educaci\u00f3n, est\u00e1 siendo representado por sus agentes educativos que han comenzado a dar atenci\u00f3n a los distintos p\u00e1rvulos que est\u00e1n concurriendo a los jardines infantiles desde el lunes 28 de diciembre. \u201cha sido una experiencia distinta y muy distante de la realidad a la que est\u00e1bamos acostumbradas, por la baja cantidad de ni\u00f1os que est\u00e1n asistiendo, pero estamos y estaremos presentes para acompa\u00f1ar y entregar atenci\u00f3n a nuestros p\u00e1rvulos \u201cindic\u00f3 Patricia Manques, T\u00e9cnico en P\u00e1rvulos del jard\u00edn Infantil Rabito de Copiap\u00f3.<\/p>\n<p>En tanto el director regional de JUNJI Atacama, Luis Campusano, destac\u00f3 el trabajo que est\u00e1n realizando de manera presencial algunas agentes educativas de JUNJI en la regi\u00f3n, \u201c Es muy importante el apoyo que nuestros equipos educativos est\u00e1n entregando de manera presencial en nuestros jardines, la misi\u00f3n de la JUNJI habla de educaci\u00f3n integral y ellas con este compromiso est\u00e1n poniendo en valor lo que dice nuestra misi\u00f3n y sobre todo est\u00e1n apoyando a esas familias que no tienen redes de apoyo para dejar a sus hijos y que nuestra instituci\u00f3n hoy al reaperturar jardines las est\u00e1 apoyando.\u00a0 Sabemos que el llamado a asistir es voluntario, pero nuestros equipos estar\u00e1n a disposici\u00f3n si una familia de JUNJI necesita llevar a su hijo a nuestros jardines, por el momento son 12 establecimientos en distintos puntos de la regi\u00f3n, pero como lo estamos demostrando hasta ahora cumpliendo con las medidas de seguridad e higiene, dependiendo de la necesidad y de la fase en que nos encontremos se ir\u00e1n incorporando m\u00e1s jardines de manera presencial, por el momento solo agradecer el trabajo que nuestras educadoras, t\u00e9cnicos, auxiliares de servicio y manipuladoras han hecho en beneficio de los ni\u00f1os, ni\u00f1as y familias que m\u00e1s los necesitan\u201d finaliz\u00f3 el director.<\/p>\n<p>Cabe se\u00f1alar, que los jardines estar\u00e1n a disposici\u00f3n hasta la \u00faltima semana de pen\u00faltima semana de enero de 2021, ya que luego de eso las agentes educativas comienzan un periodo de receso para continuar con el trabajo en marzo del pr\u00f3ximo a\u00f1o.<\/p>\n","protected":false},"excerpt":{"rendered":"<p>12 jardines en la regi\u00f3n reabrieron sus puertas para recibir a los ni\u00f1os y ni\u00f1as de familias que necesitaban contar con jard\u00edn infantil, recibiendo un&hellip; <\/p>\n","protected":false},"author":2,"featured_media":34248,"comment_status":"open","ping_status":"closed","sticky":false,"template":"","format":"standard","meta":{"footnotes":""},"categories":[7],"tags":[],"class_list":["post-34247","post","type-post","status-publish","format-standard","has-post-thumbnail","hentry","category-atacama"],"_links":{"self":[{"href":"https:\/\/www.radioamigavallenar.cl\/index.php?rest_route=\/wp\/v2\/posts\/34247","targetHints":{"allow":["GET"]}}],"collection":[{"href":"https:\/\/www.radioamigavallenar.cl\/index.php?rest_route=\/wp\/v2\/posts"}],"about":[{"href":"https:\/\/www.radioamigavallenar.cl\/index.php?rest_route=\/wp\/v2\/types\/post"}],"author":[{"embeddable":true,"href":"https:\/\/www.radioamigavallenar.cl\/index.php?rest_route=\/wp\/v2\/users\/2"}],"replies":[{"embeddable":true,"href":"https:\/\/www.radioamigavallenar.cl\/index.php?rest_route=%2Fwp%2Fv2%2Fcomments&post=34247"}],"version-history":[{"count":1,"href":"https:\/\/www.radioamigavallenar.cl\/index.php?rest_route=\/wp\/v2\/posts\/34247\/revisions"}],"predecessor-version":[{"id":34249,"href":"https:\/\/www.radioamigavallenar.cl\/index.php?rest_route=\/wp\/v2\/posts\/34247\/revisions\/34249"}],"wp:featuredmedia":[{"embeddable":true,"href":"https:\/\/www.radioamigavallenar.cl\/index.php?rest_route=\/wp\/v2\/media\/34248"}],"wp:attachment":[{"href":"https:\/\/www.radioamigavallenar.cl\/index.php?rest_route=%2Fwp%2Fv2%2Fmedia&parent=34247"}],"wp:term":[{"taxonomy":"category","embeddable":true,"href":"https:\/\/www.radioamigavallenar.cl\/index.php?rest_route=%2Fwp%2Fv2%2Fcategories&post=34247"},{"taxonomy":"post_tag","embeddable":true,"href":"https:\/\/www.radioamigavallenar.cl\/index.php?rest_route=%2Fwp%2Fv2%2Ftags&post=34247"}],"curies":[{"name":"wp","href":"https:\/\/api.w.org\/{rel}","templated":true}]}}