{"id":34243,"date":"2021-01-04T06:00:42","date_gmt":"2021-01-04T09:00:42","guid":{"rendered":"https:\/\/www.radioamigavallenar.cl\/?p=34243"},"modified":"2021-01-03T21:33:36","modified_gmt":"2021-01-04T00:33:36","slug":"diputado-noman-destaca-cumplimiento-de-promesa-del-gobierno-de-crear-una-defensoria-a-las-victimas","status":"publish","type":"post","link":"https:\/\/www.radioamigavallenar.cl\/?p=34243","title":{"rendered":"Diputado Noman destaca cumplimiento de promesa del gobierno de crear una Defensor\u00eda a las V\u00edctimas"},"content":{"rendered":"<p>El parlamentario por Atacama asegur\u00f3 que \u201cven\u00eda solicitando esta iniciativa hace a\u00f1os porque resulta absolutamente de primera necesidad crear una instituci\u00f3n que resguarde a las v\u00edctimas de delitos,\u00a0y se les entregue una defensa adecuada a sus intereses\u201d.<span id=\"more-232199\"><\/span><\/p>\n<p>El diputado Nicol\u00e1s Noman destac\u00f3 el cumplimiento de la promesa del gobierno tras tomar conocimiento que enviar\u00e1 a tr\u00e1mite legislativo un proyecto de ley que crea la Defensor\u00eda a las V\u00edctimas, instituci\u00f3n dijo \u201cque ven\u00eda pidiendo hace a\u00f1os que se creara\u201d.<\/p>\n<p>Esto, explic\u00f3 el parlamentario por Atacama, porque \u201cen la actualidad el Ministerio P\u00fablico defiende a la sociedad o al Estado en la persecuci\u00f3n de delitos, pero no exist\u00eda un ente que protegiera a las v\u00edctimas de delitos\u201d.<\/p>\n<p>\u201cCon la creaci\u00f3n de esta instituci\u00f3n las v\u00edctimas de delitos podr\u00e1n contar con un organismo que defienda sus derechos vulnerados, buscando una sanci\u00f3n penal acorde al da\u00f1o causado y preparando las bases para eventuales indemnizaciones civiles\u201d, argument\u00f3.<\/p>\n<p>La iniciativa de crear una Defensor\u00eda a las V\u00edctimas, fue aprobada en una indicaci\u00f3n presentada en la ley de presupuesto 2021 por Noman y sus pares de Bancada, por lo que el gobierno por ley debiera mandar este proyecto en el transcurso del primer trimestre de este a\u00f1o.<\/p>\n<p>Para cerrar, el diputado Nicol\u00e1s Noman subray\u00f3 que se ha dado un gran paso e hizo un llamado a \u201ctrabajar para que este proyecto sea realidad en el corto plazo, ya que resulta de toda justicia que las v\u00edctimas de actos violentos cuenten con un apoyo contundente en la persecuci\u00f3n de dichos de delitos, y se les entregue una defensa adecuada a sus intereses\u201d.<\/p>\n","protected":false},"excerpt":{"rendered":"<p>El parlamentario por Atacama asegur\u00f3 que \u201cven\u00eda solicitando esta iniciativa hace a\u00f1os porque resulta absolutamente de primera necesidad crear una instituci\u00f3n que resguarde a las&hellip; <\/p>\n","protected":false},"author":2,"featured_media":22123,"comment_status":"open","ping_status":"closed","sticky":false,"template":"","format":"standard","meta":{"footnotes":""},"categories":[7],"tags":[],"class_list":["post-34243","post","type-post","status-publish","format-standard","has-post-thumbnail","hentry","category-atacama"],"_links":{"self":[{"href":"https:\/\/www.radioamigavallenar.cl\/index.php?rest_route=\/wp\/v2\/posts\/34243","targetHints":{"allow":["GET"]}}],"collection":[{"href":"https:\/\/www.radioamigavallenar.cl\/index.php?rest_route=\/wp\/v2\/posts"}],"about":[{"href":"https:\/\/www.radioamigavallenar.cl\/index.php?rest_route=\/wp\/v2\/types\/post"}],"author":[{"embeddable":true,"href":"https:\/\/www.radioamigavallenar.cl\/index.php?rest_route=\/wp\/v2\/users\/2"}],"replies":[{"embeddable":true,"href":"https:\/\/www.radioamigavallenar.cl\/index.php?rest_route=%2Fwp%2Fv2%2Fcomments&post=34243"}],"version-history":[{"count":1,"href":"https:\/\/www.radioamigavallenar.cl\/index.php?rest_route=\/wp\/v2\/posts\/34243\/revisions"}],"predecessor-version":[{"id":34244,"href":"https:\/\/www.radioamigavallenar.cl\/index.php?rest_route=\/wp\/v2\/posts\/34243\/revisions\/34244"}],"wp:featuredmedia":[{"embeddable":true,"href":"https:\/\/www.radioamigavallenar.cl\/index.php?rest_route=\/wp\/v2\/media\/22123"}],"wp:attachment":[{"href":"https:\/\/www.radioamigavallenar.cl\/index.php?rest_route=%2Fwp%2Fv2%2Fmedia&parent=34243"}],"wp:term":[{"taxonomy":"category","embeddable":true,"href":"https:\/\/www.radioamigavallenar.cl\/index.php?rest_route=%2Fwp%2Fv2%2Fcategories&post=34243"},{"taxonomy":"post_tag","embeddable":true,"href":"https:\/\/www.radioamigavallenar.cl\/index.php?rest_route=%2Fwp%2Fv2%2Ftags&post=34243"}],"curies":[{"name":"wp","href":"https:\/\/api.w.org\/{rel}","templated":true}]}}