{"id":34238,"date":"2021-01-02T12:06:49","date_gmt":"2021-01-02T15:06:49","guid":{"rendered":"https:\/\/www.radioamigavallenar.cl\/?p=34238"},"modified":"2021-01-02T12:06:49","modified_gmt":"2021-01-02T15:06:49","slug":"mineduc-dio-a-conocer-los-locales-en-que-se-rendira-la-prueba-de-transicion","status":"publish","type":"post","link":"https:\/\/www.radioamigavallenar.cl\/?p=34238","title":{"rendered":"Mineduc dio a conocer los locales en que se rendir\u00e1 la Prueba de Transici\u00f3n"},"content":{"rendered":"<p>En los portales del Demre y del Ministerio se public\u00f3 el listado de establecimientos que acoger\u00e1n el examen de postulaci\u00f3n a la educaci\u00f3n superior.<\/p>\n<p>\u00c9ste se llevar\u00e1 a cabo los d\u00edas 4-5 y 7-8 de enero.<\/p>\n<p>No habr\u00e1 reconocimiento de sala, pero se recomienda llegar 30 minutos antes, debido a la situaci\u00f3n sanitaria.<\/p>\n<p>El Ministerio de Educaci\u00f3n dio a conocer esta jornada los<strong>\u00a0locales de rendici\u00f3n de la Prueba de Transici\u00f3n<\/strong>\u00a0para el ingreso a la educaci\u00f3n superior que se rendir\u00e1 los d\u00edas 4 y 5 de enero el primer grupo, y el 7 y 8 de enero el segundo grupo.<\/p>\n<p>En los portales del\u00a0<strong>Demre<\/strong>\u00a0y en\u00a0<strong>Acceso Mineduc<\/strong>, los<strong>\u00a0268 mil j\u00f3venes<\/strong>\u00a0que rendir\u00e1n el examen podr\u00e1n conocer los locales de rendici\u00f3n y, a diferencia de otros a\u00f1os y por la situaci\u00f3n sanitaria,\u00a0<strong>no se deber\u00e1 hacer reconocimiento de sala<\/strong>, a excepci\u00f3n de personas en situaci\u00f3n de discapacidad.<\/p>\n<p>Es por esto que se recomend\u00f3 a quienes van a rendir la prueba acudir a los locales<strong>\u00a030 minutos antes<\/strong>\u00a0para conocer d\u00f3nde dar\u00e1n la prueba, seg\u00fan el d\u00eda que corresponda.<\/p>\n<p>Los pr\u00f3ximos d\u00edas 4 y 5 de enero rendir\u00e1 el examen el primer grupo y el primer d\u00eda dar\u00e1n las pruebas de comprensi\u00f3n lectora y ciencias y el segundo para matem\u00e1ticas e historia. El segundo grupo lo dar\u00e1 los d\u00edas 7 y 8 de enero y las pruebas se rendir\u00e1n el mismo orden.<\/p>\n<p>Para acudir a rendir la prueba\u00a0<strong>se exigir\u00e1 el uso de mascarilla<\/strong>, adem\u00e1s de tener una de repuesto, alcohol gel y mantener el distanciamiento f\u00edsico. Tambi\u00e9n se debe recordar llevar la c\u00e9dula de identidad, la tarjeta de identificaci\u00f3n impresa, dos l\u00e1pices grafito y goma de borrar.<\/p>\n","protected":false},"excerpt":{"rendered":"<p>En los portales del Demre y del Ministerio se public\u00f3 el listado de establecimientos que acoger\u00e1n el examen de postulaci\u00f3n a la educaci\u00f3n superior. \u00c9ste&hellip; <\/p>\n","protected":false},"author":2,"featured_media":34239,"comment_status":"open","ping_status":"closed","sticky":false,"template":"","format":"standard","meta":{"footnotes":""},"categories":[38],"tags":[],"class_list":["post-34238","post","type-post","status-publish","format-standard","has-post-thumbnail","hentry","category-portada-regional"],"_links":{"self":[{"href":"https:\/\/www.radioamigavallenar.cl\/index.php?rest_route=\/wp\/v2\/posts\/34238","targetHints":{"allow":["GET"]}}],"collection":[{"href":"https:\/\/www.radioamigavallenar.cl\/index.php?rest_route=\/wp\/v2\/posts"}],"about":[{"href":"https:\/\/www.radioamigavallenar.cl\/index.php?rest_route=\/wp\/v2\/types\/post"}],"author":[{"embeddable":true,"href":"https:\/\/www.radioamigavallenar.cl\/index.php?rest_route=\/wp\/v2\/users\/2"}],"replies":[{"embeddable":true,"href":"https:\/\/www.radioamigavallenar.cl\/index.php?rest_route=%2Fwp%2Fv2%2Fcomments&post=34238"}],"version-history":[{"count":1,"href":"https:\/\/www.radioamigavallenar.cl\/index.php?rest_route=\/wp\/v2\/posts\/34238\/revisions"}],"predecessor-version":[{"id":34240,"href":"https:\/\/www.radioamigavallenar.cl\/index.php?rest_route=\/wp\/v2\/posts\/34238\/revisions\/34240"}],"wp:featuredmedia":[{"embeddable":true,"href":"https:\/\/www.radioamigavallenar.cl\/index.php?rest_route=\/wp\/v2\/media\/34239"}],"wp:attachment":[{"href":"https:\/\/www.radioamigavallenar.cl\/index.php?rest_route=%2Fwp%2Fv2%2Fmedia&parent=34238"}],"wp:term":[{"taxonomy":"category","embeddable":true,"href":"https:\/\/www.radioamigavallenar.cl\/index.php?rest_route=%2Fwp%2Fv2%2Fcategories&post=34238"},{"taxonomy":"post_tag","embeddable":true,"href":"https:\/\/www.radioamigavallenar.cl\/index.php?rest_route=%2Fwp%2Fv2%2Ftags&post=34238"}],"curies":[{"name":"wp","href":"https:\/\/api.w.org\/{rel}","templated":true}]}}