{"id":34144,"date":"2020-12-30T12:18:12","date_gmt":"2020-12-30T15:18:12","guid":{"rendered":"https:\/\/www.radioamigavallenar.cl\/?p=34144"},"modified":"2020-12-30T12:18:12","modified_gmt":"2020-12-30T15:18:12","slug":"dos-mineros-quedan-atrapados-tras-derrumbe-en-faena-de-tierra-amarilla","status":"publish","type":"post","link":"https:\/\/www.radioamigavallenar.cl\/?p=34144","title":{"rendered":"Dos mineros quedan atrapados tras derrumbe en faena de Tierra Amarilla"},"content":{"rendered":"<p>La ma\u00f1ana de este mi\u00e9rcoles, Sernageomin anunci\u00f3 que\u00a0<strong>dos mineros quedaron atrapados<\/strong>\u00a0tras un derrumbe al interior de faena La Nuestra, en la comuna de Tierra Amarilla, regi\u00f3n de Atacama.<\/p>\n<p>Al cierre de esta edici\u00f3n, ambos\u00a0<strong>siguen vivos<\/strong>\u00a0y ya se dio inicio al operativo de rescate, que a partir de las 11:27 horas cuenta con estrategia definida.<\/p>\n<p>\u201cSe iniciar\u00e1n las labores\u00a0<strong>privilegiando la seguridad de los equipos de rescate<\/strong>\u00a0y ante cualquier eventualidad se volver\u00e1 a analizar la estrategia a seguir. Continuaremos informando\u201d, indicaron desde el organismo.<\/p>\n<p>Aparte de personal de Sernageomin, voluntarios de\u00a0<strong>Bomberos y efectivos de Carabineros<\/strong>\u00a0acudieron al lugar para atender la emergencia.<\/p>\n<p>A trav\u00e9s de Twitter, la\u00a0<strong>ONG Rescate Atacama<\/strong>, dedicada a salvatajes en esta industria, tambi\u00e9n comunic\u00f3 que prestar\u00eda ayuda en las labores.<\/p>\n<p>El presidente del Sindicato de Pirquineros de Tierra Amarilla, Joel Carrizo, afirm\u00f3 a\u00a0<a href=\"https:\/\/www.soychile.cl\/Copiapo\/Sociedad\/2020\/12\/30\/687715\/Tierra-Amarilla-Derrumbe-en-mina-Transito-dejo-dos-personas-atrapadas.aspx\">Soy Chile<\/a>\u00a0que su gremio dio aviso del hecho en primera instancia a Bomberos, Carabineros, Sernageomin y a la Seremi de Miner\u00eda, pero que, no obstante, \u201cdesconocemos su estado o m\u00e1s antecedentes\u201d.<\/p>\n","protected":false},"excerpt":{"rendered":"<p>La ma\u00f1ana de este mi\u00e9rcoles, Sernageomin anunci\u00f3 que\u00a0dos mineros quedaron atrapados\u00a0tras un derrumbe al interior de faena La Nuestra, en la comuna de Tierra Amarilla,&hellip; <\/p>\n","protected":false},"author":2,"featured_media":34145,"comment_status":"open","ping_status":"closed","sticky":false,"template":"","format":"standard","meta":{"footnotes":""},"categories":[38],"tags":[],"class_list":["post-34144","post","type-post","status-publish","format-standard","has-post-thumbnail","hentry","category-portada-regional"],"_links":{"self":[{"href":"https:\/\/www.radioamigavallenar.cl\/index.php?rest_route=\/wp\/v2\/posts\/34144","targetHints":{"allow":["GET"]}}],"collection":[{"href":"https:\/\/www.radioamigavallenar.cl\/index.php?rest_route=\/wp\/v2\/posts"}],"about":[{"href":"https:\/\/www.radioamigavallenar.cl\/index.php?rest_route=\/wp\/v2\/types\/post"}],"author":[{"embeddable":true,"href":"https:\/\/www.radioamigavallenar.cl\/index.php?rest_route=\/wp\/v2\/users\/2"}],"replies":[{"embeddable":true,"href":"https:\/\/www.radioamigavallenar.cl\/index.php?rest_route=%2Fwp%2Fv2%2Fcomments&post=34144"}],"version-history":[{"count":1,"href":"https:\/\/www.radioamigavallenar.cl\/index.php?rest_route=\/wp\/v2\/posts\/34144\/revisions"}],"predecessor-version":[{"id":34146,"href":"https:\/\/www.radioamigavallenar.cl\/index.php?rest_route=\/wp\/v2\/posts\/34144\/revisions\/34146"}],"wp:featuredmedia":[{"embeddable":true,"href":"https:\/\/www.radioamigavallenar.cl\/index.php?rest_route=\/wp\/v2\/media\/34145"}],"wp:attachment":[{"href":"https:\/\/www.radioamigavallenar.cl\/index.php?rest_route=%2Fwp%2Fv2%2Fmedia&parent=34144"}],"wp:term":[{"taxonomy":"category","embeddable":true,"href":"https:\/\/www.radioamigavallenar.cl\/index.php?rest_route=%2Fwp%2Fv2%2Fcategories&post=34144"},{"taxonomy":"post_tag","embeddable":true,"href":"https:\/\/www.radioamigavallenar.cl\/index.php?rest_route=%2Fwp%2Fv2%2Ftags&post=34144"}],"curies":[{"name":"wp","href":"https:\/\/api.w.org\/{rel}","templated":true}]}}