{"id":34141,"date":"2020-12-30T08:14:19","date_gmt":"2020-12-30T11:14:19","guid":{"rendered":"https:\/\/www.radioamigavallenar.cl\/?p=34141"},"modified":"2020-12-30T12:14:55","modified_gmt":"2020-12-30T15:14:55","slug":"1-500-personas-se-deleitaron-con-el-primer-autocine-gratuito-de-atacama","status":"publish","type":"post","link":"https:\/\/www.radioamigavallenar.cl\/?p=34141","title":{"rendered":"1.500 personas se deleitaron con el primer Autocine gratuito de Atacama"},"content":{"rendered":"<p><strong>La iniciativa de Kinross Chile, financiada por la Ley de Donaciones Culturales y apoyada por el Ministerio de las Culturas las Artes y el Patrimonio y la Fundaci\u00f3n Desierto Creativo realiz\u00f3 8 funciones gratuitas para la comunidad que se deleit\u00f3 con populares y elogiadas pel\u00edculas.<\/strong><span id=\"more-231796\"><\/span><\/p>\n<p>&nbsp;<\/p>\n<p>Fue el primer y el \u00faltimo proyecto cultural presencial de este a\u00f1o en la regi\u00f3n de Atacama, desde que comenz\u00f3 la pandemia del Covid. Autocine Atacama congreg\u00f3 a 1.500 personas que pudieron ver gratuitamente tres populares y elogiadas pel\u00edculas, gracias a una alianza p\u00fablico-privada entre Minera Kinross, el Ministerio de las Culturas las Artes y el Patrimonio\u00a0 y la Fundaci\u00f3n Desierto Creativo, que pretende acercar las actividades art\u00edsticas de calidad a la comunidad de la regi\u00f3n.<\/p>\n<p>El p\u00fablico que asisti\u00f3 a este novedoso formato lo hizo en sus propios veh\u00edculos, cumpliendo as\u00ed un estricto protocolo informado a la Autoridad Sanitaria para garantizar al p\u00fablico asistente un evento complemente seguro y sanitizado.<\/p>\n<p>\u201cFue muy bonito, todo muy bien organizado y seguro. La pel\u00edcula se escuchaba en la radio del veh\u00edculo y se ve\u00eda que todo est\u00e1 muy limpio y seguro. Mis hijos disfrutaron mucho la pel\u00edcula y ojal\u00e1 este tipo de iniciativas se vuelvan a repetir\u201d, asegur\u00f3 Jazm\u00edn Castillo, quien presenci\u00f3 junto a su familia el largometraje \u201cLa Raz\u00f3n de estar contigo 2\u201d, sobre las aventuras en un perro reencarnado llamado Baily.<\/p>\n<p>Fueron en total 8 funciones entre el 27 y 29 de este mes, para un total de 50 autos por exhibici\u00f3n, que apreciaron adem\u00e1s de esa pel\u00edcula familiar, el documental chileno propuesto para los premios Oscar, \u201cEl Agente Topo\u201d, y el blockbuster \u201cJurassic World y el Reino Ca\u00eddo\u201d.<\/p>\n<p>Todos estos largometrajes fueron escogidos por el p\u00fablico a trav\u00e9s de redes sociales y quienes asistieron a esa nueva experiencia, tuvieron que ingresar al portal\u00a0www.autocineatacama.cl, para inscribir el auto y el grupo familiar, lo que permiti\u00f3 \u00a0mantener una trazabilidad de todos los asistentes del evento.<\/p>\n<p>\u201cCumplimos un estricto y completo protocolo sanitario autorizado por la Serem\u00eda de Salud, y el p\u00fablico as\u00ed lo pudo corroborar, por eso estamos muy contentos de que todo haya salido seg\u00fan lo planificado\u201d, explic\u00f3 Jorge Sep\u00falveda, presidente de la Fundaci\u00f3n Desierto Creativo que produce este autocine.<\/p>\n<p>Por su parte, desde Minera Kinross se mostraron satisfechos con el recibimiento que tuvo este proyecto cultural en la comunidad, \u201cel p\u00fablico llen\u00f3 nuestro autocine, disfrut\u00f3 de forma segura de las pel\u00edculas y eso nos tiene muy contentos, porque este tipo de iniciativas culturales que impulsamos desde nuestra Compa\u00f1\u00eda, es la mejor manera de acercar estas experiencias art\u00edsticas de calidad a toda la comunidad. Porque nuestro compromiso con Atacama es generar una miner\u00eda sustentable, apoyando el desarrollo econ\u00f3mico y sociocultural en la regi\u00f3n\u201d, se\u00f1al\u00f3 Guillermo Olivares, gerente de Kinross La Coipa<\/p>\n","protected":false},"excerpt":{"rendered":"<p>La iniciativa de Kinross Chile, financiada por la Ley de Donaciones Culturales y apoyada por el Ministerio de las Culturas las Artes y el Patrimonio&hellip; <\/p>\n","protected":false},"author":2,"featured_media":34142,"comment_status":"open","ping_status":"closed","sticky":false,"template":"","format":"standard","meta":{"footnotes":""},"categories":[38],"tags":[],"class_list":["post-34141","post","type-post","status-publish","format-standard","has-post-thumbnail","hentry","category-portada-regional"],"_links":{"self":[{"href":"https:\/\/www.radioamigavallenar.cl\/index.php?rest_route=\/wp\/v2\/posts\/34141","targetHints":{"allow":["GET"]}}],"collection":[{"href":"https:\/\/www.radioamigavallenar.cl\/index.php?rest_route=\/wp\/v2\/posts"}],"about":[{"href":"https:\/\/www.radioamigavallenar.cl\/index.php?rest_route=\/wp\/v2\/types\/post"}],"author":[{"embeddable":true,"href":"https:\/\/www.radioamigavallenar.cl\/index.php?rest_route=\/wp\/v2\/users\/2"}],"replies":[{"embeddable":true,"href":"https:\/\/www.radioamigavallenar.cl\/index.php?rest_route=%2Fwp%2Fv2%2Fcomments&post=34141"}],"version-history":[{"count":1,"href":"https:\/\/www.radioamigavallenar.cl\/index.php?rest_route=\/wp\/v2\/posts\/34141\/revisions"}],"predecessor-version":[{"id":34143,"href":"https:\/\/www.radioamigavallenar.cl\/index.php?rest_route=\/wp\/v2\/posts\/34141\/revisions\/34143"}],"wp:featuredmedia":[{"embeddable":true,"href":"https:\/\/www.radioamigavallenar.cl\/index.php?rest_route=\/wp\/v2\/media\/34142"}],"wp:attachment":[{"href":"https:\/\/www.radioamigavallenar.cl\/index.php?rest_route=%2Fwp%2Fv2%2Fmedia&parent=34141"}],"wp:term":[{"taxonomy":"category","embeddable":true,"href":"https:\/\/www.radioamigavallenar.cl\/index.php?rest_route=%2Fwp%2Fv2%2Fcategories&post=34141"},{"taxonomy":"post_tag","embeddable":true,"href":"https:\/\/www.radioamigavallenar.cl\/index.php?rest_route=%2Fwp%2Fv2%2Ftags&post=34141"}],"curies":[{"name":"wp","href":"https:\/\/api.w.org\/{rel}","templated":true}]}}