{"id":34136,"date":"2020-12-30T07:51:09","date_gmt":"2020-12-30T10:51:09","guid":{"rendered":"https:\/\/www.radioamigavallenar.cl\/?p=34136"},"modified":"2020-12-30T10:52:46","modified_gmt":"2020-12-30T13:52:46","slug":"dolar-opera-a-la-baja-y-se-cotiza-en-torno-a-los-711-en-su-ultimo-dia-de-transacciones-del-ano","status":"publish","type":"post","link":"https:\/\/www.radioamigavallenar.cl\/?p=34136","title":{"rendered":"D\u00f3lar opera a la baja y se cotiza en torno a los $711 en su \u00faltimo d\u00eda de transacciones del a\u00f1o"},"content":{"rendered":"<p>Para hoy los analistas proyectan una jornada bajista, pero con muy bajo volumen, debido a que las operaciones cierran antes y el d\u00eda de ma\u00f1ana el mercado no abre por ser feriado bancario.<\/p>\n<p>Luego del alza anotada ayer por el d\u00f3lar, esta ma\u00f1ana la divisa retom\u00f3 las p\u00e9rdidas y se cotiza con un descenso de m\u00e1s de $2 en el cruce local, en l\u00ednea con una ca\u00edda de la moneda a nivel internacional. As\u00ed, a las 09:00 horas, el billete verde se transa con una baja de $3,15, ubic\u00e1ndose en $711,55 vendedor y $711,25 comprador.<\/p>\n<p>Carlos Quezada, trade senior de Libertex, coment\u00f3 que \u00abse mantiene la debilidad del d\u00f3lar a nivel internacional, y el rally alcista de las bolsas, con un cobre subiendo levemente manteniendo la tendencia alcista principal\u00bb. Lo anterior, de acuerdo al analista \u00abexplica la apertura bajista para el cruce, que cotiza nuevamente bajo los $715\u00bb.<\/p>\n<p>\u00abSe proyecta que la sesi\u00f3n sea bajista, pero con un muy bajo volumen, debido a la proximidad de las fiestas de a\u00f1o nuevo, por lo que se proyectan movimientos entre los $710-717 para la sesi\u00f3n de hoy\u00bb, proyect\u00f3 Quezada.<\/p>\n<p>Por su parte, Sergio Rivadeneira, jefe de Ventas Chile de Capitaria, dijo que \u00aba pesar del alza que vimos el d\u00eda de ayer, se mantienen los fundamentos bajistas en el corto plazo, donde tenemos mayores est\u00edmulos por parte de Estados Unidos como tambi\u00e9n el precio del cobre que se mantiene sobre los US$3,50 la libra\u00bb.<\/p>\n","protected":false},"excerpt":{"rendered":"<p>Para hoy los analistas proyectan una jornada bajista, pero con muy bajo volumen, debido a que las operaciones cierran antes y el d\u00eda de ma\u00f1ana&hellip; <\/p>\n","protected":false},"author":2,"featured_media":33029,"comment_status":"open","ping_status":"closed","sticky":false,"template":"","format":"standard","meta":{"footnotes":""},"categories":[37],"tags":[],"class_list":["post-34136","post","type-post","status-publish","format-standard","has-post-thumbnail","hentry","category-nacional"],"_links":{"self":[{"href":"https:\/\/www.radioamigavallenar.cl\/index.php?rest_route=\/wp\/v2\/posts\/34136","targetHints":{"allow":["GET"]}}],"collection":[{"href":"https:\/\/www.radioamigavallenar.cl\/index.php?rest_route=\/wp\/v2\/posts"}],"about":[{"href":"https:\/\/www.radioamigavallenar.cl\/index.php?rest_route=\/wp\/v2\/types\/post"}],"author":[{"embeddable":true,"href":"https:\/\/www.radioamigavallenar.cl\/index.php?rest_route=\/wp\/v2\/users\/2"}],"replies":[{"embeddable":true,"href":"https:\/\/www.radioamigavallenar.cl\/index.php?rest_route=%2Fwp%2Fv2%2Fcomments&post=34136"}],"version-history":[{"count":1,"href":"https:\/\/www.radioamigavallenar.cl\/index.php?rest_route=\/wp\/v2\/posts\/34136\/revisions"}],"predecessor-version":[{"id":34137,"href":"https:\/\/www.radioamigavallenar.cl\/index.php?rest_route=\/wp\/v2\/posts\/34136\/revisions\/34137"}],"wp:featuredmedia":[{"embeddable":true,"href":"https:\/\/www.radioamigavallenar.cl\/index.php?rest_route=\/wp\/v2\/media\/33029"}],"wp:attachment":[{"href":"https:\/\/www.radioamigavallenar.cl\/index.php?rest_route=%2Fwp%2Fv2%2Fmedia&parent=34136"}],"wp:term":[{"taxonomy":"category","embeddable":true,"href":"https:\/\/www.radioamigavallenar.cl\/index.php?rest_route=%2Fwp%2Fv2%2Fcategories&post=34136"},{"taxonomy":"post_tag","embeddable":true,"href":"https:\/\/www.radioamigavallenar.cl\/index.php?rest_route=%2Fwp%2Fv2%2Ftags&post=34136"}],"curies":[{"name":"wp","href":"https:\/\/api.w.org\/{rel}","templated":true}]}}